{"id":34085,"date":"2021-11-09T08:02:46","date_gmt":"2021-11-09T14:02:46","guid":{"rendered":"http:\/\/www.zonaroja.com.mx\/?p=34085"},"modified":"2021-11-09T08:02:50","modified_gmt":"2021-11-09T14:02:50","slug":"entrega-ieepo-ordenes-de-adscripcion-y-formatos-unicos-de-personal-a-docentes","status":"publish","type":"post","link":"https:\/\/zonaroja.com.mx\/?p=34085","title":{"rendered":"Entrega IEEPO \u00f3rdenes de adscripci\u00f3n y Formatos \u00danicos de Personal a docentes"},"content":{"rendered":"\n<p>Redacci\u00f3n\/Zona Roja.<\/p>\n\n\n\n<p>Oaxaca de Ju\u00e1rez, Oax., 8 de noviembre de 2021.- En un hecho hist\u00f3rico y sin precedentes, derivado de los procesos de promoci\u00f3n e ingreso de las Escuelas Normales, el director general del Instituto Estatal de Educaci\u00f3n P\u00fablica de Oaxaca (IEEPO), Francisco \u00c1ngel Villarreal entreg\u00f3 \u00f3rdenes de Adscripci\u00f3n y Formatos \u00danicos de Personal (FUP) a 20 docentes del Centro Regional de Educaci\u00f3n Normal de Oaxaca (CRENO) y de la Escuela Normal Experimental de Huajuapan (ENEH).<\/p>\n\n\n\n<p>Con apego a la normatividad y a los principios de legalidad y transparencia, cumpliendo con el compromiso de otorgar certeza laboral a maestras y maestros como es prioridad del gobernador Alejandro Murat Hinojosa con los nuevos ingresos, se busca contar con perfiles adecuados para impartir clases en estas dos Escuelas Normales.<\/p>\n\n\n\n<p>En la ceremonia protocolaria, el Director General del IEEPO mencion\u00f3 que con estos procesos tambi\u00e9n se logra la mejora de las condiciones laborales e ingresos econ\u00f3micos de las maestras y los maestros; adem\u00e1s del respeto a sus derechos y un trato digno de parte de la autoridad educativa en la entidad, que en la actual administraci\u00f3n ha procurado generar condiciones \u00f3ptimas para el desempe\u00f1o de sus actividades frente a grupo.<\/p>\n\n\n\n<p>Acompa\u00f1ado del Subdirector General de Servicios Educativos, \u00c1lvaro C\u00e9sar Guevara Ram\u00edrez y del titular de la Unidad de Educaci\u00f3n Normal y Formaci\u00f3n de Docentes del IEEPO, Carlos Alberto Cuevas Cervantes, Francisco \u00c1ngel Villarreal destac\u00f3 que luego de varias d\u00e9cadas, resultado de la nueva relaci\u00f3n con el magisterio, cordial y respetuosa, se lleva a cabo la entrega de estos documentos que les representan certeza laboral.<\/p>\n\n\n\n<figure class=\"wp-block-embed is-type-rich is-provider-twitter wp-block-embed-twitter\"><div class=\"wp-block-embed__wrapper\">\n<div class=\"twitter-tweet\"><blockquote class=\"twitter-tweet\" data-lang=\"es\"><p lang=\"es\" dir=\"ltr\"><a href=\"https:\/\/twitter.com\/hashtag\/%C3%9AltimoMinuto?src=hash&amp;ref_src=twsrc%5Etfw\">#\u00daltimoMinuto<\/a> <br>Como un hecho hist\u00f3rico calific\u00f3 el <a href=\"https:\/\/twitter.com\/IEEPOGobOax?ref_src=twsrc%5Etfw\">@IEEPOGobOax<\/a> la entrega de \u00f3rdenes de adscripci\u00f3n y Formato \u00danico de Personal (FUP) a 20 docentes del CRENO y la Normal Experimental de Huajuapan, derivado del proceso de promoci\u00f3n y nuevo ingreso de docentes a escuelas normales. <a href=\"https:\/\/t.co\/U5jOOApST2\">pic.twitter.com\/U5jOOApST2<\/a><\/p>&mdash; Zona Roja Oaxaca (@Zona_Roja_Oax) <a href=\"https:\/\/twitter.com\/Zona_Roja_Oax\/status\/1457876595306270731?ref_src=twsrc%5Etfw\">9 de noviembre de 2021<\/a><\/blockquote><\/div>\n<\/div><\/figure>\n\n\n\n<p>Reconoci\u00f3 la vocaci\u00f3n y disposici\u00f3n de maestras y maestros que han trabajado con responsabilidad y compromiso. \u201cUstedes educan a los que van a formar, en sus manos tienen el recurso m\u00e1s importante. Son las conciencias que van a dirigir al estado en un futuro\u201d, enfatiz\u00f3.<\/p>\n\n\n\n<p>A nombre de los beneficiados, los maestros Gonzalo Guadalupe Hern\u00e1ndez M\u00e9ndez, jefe del \u00e1rea de psicopedagog\u00eda del CRENO y Homero Enr\u00edquez Ram\u00edrez, de la Escuela Normal Experimental de Huajuapan, se\u00f1alaron que estos procesos que se llevan a cabo priorizando criterios como la antig\u00fcedad, son un incentivo para quienes por largo tiempo han esperado un espacio administrativo y ahora ven el resultado de sus esfuerzos laborales.<\/p>\n\n\n\n<p>\u201cAgradezco mucho al Director General del IEEPO que se ocupe de fortalecer el equipo docente de las normales porque de ello dependen en gran medida los nuevos profesores que est\u00e1n en formaci\u00f3n. Pongamos todos nuestros esfuerzos para aportarle a la educaci\u00f3n en Oaxaca\u201d, indic\u00f3 Homero Enr\u00edquez Ram\u00edrez quien se incorpora a la ENEH, donde realiz\u00f3 sus estudios profesionales.<\/p>\n\n\n\n<p>Cabe se\u00f1alar que el 8 de octubre del presente a\u00f1o, se operaron dos cadenas de promoci\u00f3n (una por jubilaci\u00f3n y otra por defunci\u00f3n) beneficiando a 15 docentes, de ellos 13 son trabajadores y dos nuevos ingresos en el Centro Regional de Educaci\u00f3n Normal de Oaxaca (CRENO).<\/p>\n\n\n\n<p>Asimismo, en la Escuela Normal Experimental de Huajuapan (ENEH), se llevaron a cabo los procesos de ingreso de cinco docentes.<\/p>\n","protected":false},"excerpt":{"rendered":"<p>Redacci\u00f3n\/Zona Roja. Oaxaca de Ju\u00e1rez, Oax., 8 de noviembre de 2021.- En un hecho hist\u00f3rico&hellip;<\/p>\n","protected":false},"author":2,"featured_media":34086,"comment_status":"closed","ping_status":"open","sticky":false,"template":"","format":"standard","meta":{"_lmt_disableupdate":"","_lmt_disable":"","_jetpack_memberships_contains_paid_content":false,"footnotes":""},"categories":[109,46],"tags":[2837],"class_list":["post-34085","post","type-post","status-publish","format-standard","has-post-thumbnail","hentry","category-minuto-a-minuto","category-zona-blanca","tag-instituto-estatal-de-educacion-publica-de-oaxaca-ieepo"],"jetpack_featured_media_url":"https:\/\/zonaroja.com.mx\/wp-content\/uploads\/2021\/11\/02-IEEPO-1-1.jpg","jetpack_sharing_enabled":true,"_links":{"self":[{"href":"https:\/\/zonaroja.com.mx\/index.php?rest_route=\/wp\/v2\/posts\/34085","targetHints":{"allow":["GET"]}}],"collection":[{"href":"https:\/\/zonaroja.com.mx\/index.php?rest_route=\/wp\/v2\/posts"}],"about":[{"href":"https:\/\/zonaroja.com.mx\/index.php?rest_route=\/wp\/v2\/types\/post"}],"author":[{"embeddable":true,"href":"https:\/\/zonaroja.com.mx\/index.php?rest_route=\/wp\/v2\/users\/2"}],"replies":[{"embeddable":true,"href":"https:\/\/zonaroja.com.mx\/index.php?rest_route=%2Fwp%2Fv2%2Fcomments&post=34085"}],"version-history":[{"count":1,"href":"https:\/\/zonaroja.com.mx\/index.php?rest_route=\/wp\/v2\/posts\/34085\/revisions"}],"predecessor-version":[{"id":34087,"href":"https:\/\/zonaroja.com.mx\/index.php?rest_route=\/wp\/v2\/posts\/34085\/revisions\/34087"}],"wp:featuredmedia":[{"embeddable":true,"href":"https:\/\/zonaroja.com.mx\/index.php?rest_route=\/wp\/v2\/media\/34086"}],"wp:attachment":[{"href":"https:\/\/zonaroja.com.mx\/index.php?rest_route=%2Fwp%2Fv2%2Fmedia&parent=34085"}],"wp:term":[{"taxonomy":"category","embeddable":true,"href":"https:\/\/zonaroja.com.mx\/index.php?rest_route=%2Fwp%2Fv2%2Fcategories&post=34085"},{"taxonomy":"post_tag","embeddable":true,"href":"https:\/\/zonaroja.com.mx\/index.php?rest_route=%2Fwp%2Fv2%2Ftags&post=34085"}],"curies":[{"name":"wp","href":"https:\/\/api.w.org\/{rel}","templated":true}]}}