{"id":34088,"date":"2021-11-09T08:12:20","date_gmt":"2021-11-09T14:12:20","guid":{"rendered":"http:\/\/www.zonaroja.com.mx\/?p=34088"},"modified":"2021-11-09T08:12:23","modified_gmt":"2021-11-09T14:12:23","slug":"grupo-armado-secuestra-a-dos-defensores-de-derechos-humanos-en-la-cuenca","status":"publish","type":"post","link":"https:\/\/zonaroja.com.mx\/?p=34088","title":{"rendered":"Grupo armado secuestra a dos defensores de derechos humanos en la Cuenca"},"content":{"rendered":"\n<p>Ismael Garc\u00eda M.\/Zona Roja.<\/p>\n\n\n\n<p>Oaxaca de Ju\u00e1rez, Oax., 9 de noviembre de 2021.- Un grupo armado secuestr\u00f3 a dos personas, uno de ellos profesor, que impart\u00edan talleres de derechos humanos en la regi\u00f3n de la Cuenca del Papaloapan.<\/p>\n\n\n\n<p>De acuerdo con los primeros reportes de los familiares, alrededor de las 15:30 horas de ayer lunes, a la entrada de la localidad Pescadito de Abajo II, del municipio de San Miguel Soyaltepec, sujetos armados interceptaron la camioneta del profesor Juan A. M., y lo secuestraron junto con su compa\u00f1ero Juan Q. B.<\/p>\n\n\n\n<p>\u00danicamente bajaron de la unidad a dos personas; las v\u00edctimas y dem\u00e1s ocupantes proven\u00edan de San Pedro Ixcatl\u00e1n, donde reci\u00e9n hab\u00edan impartido talleres sobre derechos humanos e ind\u00edgenas.<\/p>\n\n\n\n<p>Por ello, pidieron la intervenci\u00f3n urgente de la Presidencia de la Rep\u00fablica, del gobierno de Oaxaca y de instancias nacional y estatal de derechos humanos, a fin de buscar a los plagiados.<\/p>\n","protected":false},"excerpt":{"rendered":"<p>Ismael Garc\u00eda M.\/Zona Roja. Oaxaca de Ju\u00e1rez, Oax., 9 de noviembre de 2021.- Un grupo&hellip;<\/p>\n","protected":false},"author":2,"featured_media":7922,"comment_status":"closed","ping_status":"open","sticky":false,"template":"","format":"standard","meta":{"_lmt_disableupdate":"","_lmt_disable":"","_jetpack_memberships_contains_paid_content":false,"footnotes":""},"categories":[109,47],"tags":[1306],"class_list":["post-34088","post","type-post","status-publish","format-standard","has-post-thumbnail","hentry","category-minuto-a-minuto","category-zona-gris","tag-temascal-san-miguel-soyaltepec"],"jetpack_featured_media_url":"https:\/\/zonaroja.com.mx\/wp-content\/uploads\/2020\/01\/San-Miguel-Soyaltepec.jpg","jetpack_sharing_enabled":true,"_links":{"self":[{"href":"https:\/\/zonaroja.com.mx\/index.php?rest_route=\/wp\/v2\/posts\/34088","targetHints":{"allow":["GET"]}}],"collection":[{"href":"https:\/\/zonaroja.com.mx\/index.php?rest_route=\/wp\/v2\/posts"}],"about":[{"href":"https:\/\/zonaroja.com.mx\/index.php?rest_route=\/wp\/v2\/types\/post"}],"author":[{"embeddable":true,"href":"https:\/\/zonaroja.com.mx\/index.php?rest_route=\/wp\/v2\/users\/2"}],"replies":[{"embeddable":true,"href":"https:\/\/zonaroja.com.mx\/index.php?rest_route=%2Fwp%2Fv2%2Fcomments&post=34088"}],"version-history":[{"count":1,"href":"https:\/\/zonaroja.com.mx\/index.php?rest_route=\/wp\/v2\/posts\/34088\/revisions"}],"predecessor-version":[{"id":34089,"href":"https:\/\/zonaroja.com.mx\/index.php?rest_route=\/wp\/v2\/posts\/34088\/revisions\/34089"}],"wp:featuredmedia":[{"embeddable":true,"href":"https:\/\/zonaroja.com.mx\/index.php?rest_route=\/wp\/v2\/media\/7922"}],"wp:attachment":[{"href":"https:\/\/zonaroja.com.mx\/index.php?rest_route=%2Fwp%2Fv2%2Fmedia&parent=34088"}],"wp:term":[{"taxonomy":"category","embeddable":true,"href":"https:\/\/zonaroja.com.mx\/index.php?rest_route=%2Fwp%2Fv2%2Fcategories&post=34088"},{"taxonomy":"post_tag","embeddable":true,"href":"https:\/\/zonaroja.com.mx\/index.php?rest_route=%2Fwp%2Fv2%2Ftags&post=34088"}],"curies":[{"name":"wp","href":"https:\/\/api.w.org\/{rel}","templated":true}]}}