{"id":34093,"date":"2021-11-09T08:35:41","date_gmt":"2021-11-09T14:35:41","guid":{"rendered":"http:\/\/www.zonaroja.com.mx\/?p=34093"},"modified":"2021-11-09T08:35:44","modified_gmt":"2021-11-09T14:35:44","slug":"deja-tres-heridos-ataques-armados-en-miahuatlan-y-la-capital","status":"publish","type":"post","link":"https:\/\/zonaroja.com.mx\/?p=34093","title":{"rendered":"Deja tres heridos ataques armados, en Miahuatl\u00e1n y la capital"},"content":{"rendered":"\n<p>Redacci\u00f3n\/Zona Roja.<\/p>\n\n\n\n<p>Oaxaca de Ju\u00e1rez, Oax., 9 de noviembre de 2021.- Tres personas resultaron lesionadas por disparo de armas de fuego, en los municipios de Oaxaca de Ju\u00e1rez y Miahuatl\u00e1n de Porfirio D\u00edaz.<\/p>\n\n\n\n<p>En el caso de la capital, los hechos sucedieron anoche en la colonia Cosijoeza, en inmediaciones del Mercado de Abasto, en que una persona fue atacada a balazos durante un asalto, en que le robaron 20 mil pesos.<\/p>\n\n\n\n<p>A las 19:45 horas, cuando el comerciante, Hip\u00f3lito G.O., se encontraba en la calle de Nu\u00f1o del Mercado esquina con Cosijop\u00ed, llegaron dos sujetos que portaban armas de fuego y se desplazaban en una motocicleta.<\/p>\n\n\n\n<p>Los tipos lo amagaron y ordenaron entregar el dinero que ten\u00eda en su poder.<\/p>\n\n\n\n<p>El comerciante se neg\u00f3 a entregar sus pertenencias de valor y por lo cual fue atacado a balazos, recibiendo un balazo en una pierna, tras lo cual los atacantes huyeron, mientras el herido fue trasladado por la Cruz Roja al Hospital Civil.<\/p>\n\n\n\n<p>El domingo por la tarde, en la calle Netzahualc\u00f3yotl de Miahuatl\u00e1n de Porfirio D\u00edaz, dos personas fueron agredidas a balazos, frente al mercado municipal.<\/p>\n\n\n\n<p>Se trata de individuos que se desplazaban a bordo de una motocicleta quienes interceptaron a los ocupantes de un autom\u00f3vil Nissan tipo Versa y al acercarse empezaron a disparar a los ocupantes.<\/p>\n\n\n\n<p>En el ataque armado resultaron con lesiones las personas Marcelo B., de 26 a\u00f1os de edad y Luis I.S.A., de 44 a\u00f1os de edad, a quienes reportan hoy delicados de salud.<\/p>\n","protected":false},"excerpt":{"rendered":"<p>Redacci\u00f3n\/Zona Roja. Oaxaca de Ju\u00e1rez, Oax., 9 de noviembre de 2021.- Tres personas resultaron lesionadas&hellip;<\/p>\n","protected":false},"author":2,"featured_media":34094,"comment_status":"closed","ping_status":"open","sticky":false,"template":"","format":"standard","meta":{"_lmt_disableupdate":"","_lmt_disable":"","_jetpack_memberships_contains_paid_content":false,"footnotes":""},"categories":[109,47],"tags":[169],"class_list":["post-34093","post","type-post","status-publish","format-standard","has-post-thumbnail","hentry","category-minuto-a-minuto","category-zona-gris","tag-miahuatlan-de-porfirio-diaz"],"jetpack_featured_media_url":"https:\/\/zonaroja.com.mx\/wp-content\/uploads\/2021\/11\/Herido-ciudad-de-Oaxaca.jpg","jetpack_sharing_enabled":true,"_links":{"self":[{"href":"https:\/\/zonaroja.com.mx\/index.php?rest_route=\/wp\/v2\/posts\/34093","targetHints":{"allow":["GET"]}}],"collection":[{"href":"https:\/\/zonaroja.com.mx\/index.php?rest_route=\/wp\/v2\/posts"}],"about":[{"href":"https:\/\/zonaroja.com.mx\/index.php?rest_route=\/wp\/v2\/types\/post"}],"author":[{"embeddable":true,"href":"https:\/\/zonaroja.com.mx\/index.php?rest_route=\/wp\/v2\/users\/2"}],"replies":[{"embeddable":true,"href":"https:\/\/zonaroja.com.mx\/index.php?rest_route=%2Fwp%2Fv2%2Fcomments&post=34093"}],"version-history":[{"count":1,"href":"https:\/\/zonaroja.com.mx\/index.php?rest_route=\/wp\/v2\/posts\/34093\/revisions"}],"predecessor-version":[{"id":34095,"href":"https:\/\/zonaroja.com.mx\/index.php?rest_route=\/wp\/v2\/posts\/34093\/revisions\/34095"}],"wp:featuredmedia":[{"embeddable":true,"href":"https:\/\/zonaroja.com.mx\/index.php?rest_route=\/wp\/v2\/media\/34094"}],"wp:attachment":[{"href":"https:\/\/zonaroja.com.mx\/index.php?rest_route=%2Fwp%2Fv2%2Fmedia&parent=34093"}],"wp:term":[{"taxonomy":"category","embeddable":true,"href":"https:\/\/zonaroja.com.mx\/index.php?rest_route=%2Fwp%2Fv2%2Fcategories&post=34093"},{"taxonomy":"post_tag","embeddable":true,"href":"https:\/\/zonaroja.com.mx\/index.php?rest_route=%2Fwp%2Fv2%2Ftags&post=34093"}],"curies":[{"name":"wp","href":"https:\/\/api.w.org\/{rel}","templated":true}]}}