{"id":34108,"date":"2021-11-09T20:09:31","date_gmt":"2021-11-10T02:09:31","guid":{"rendered":"http:\/\/www.zonaroja.com.mx\/?p=34108"},"modified":"2021-11-09T20:09:34","modified_gmt":"2021-11-10T02:09:34","slug":"no-cesan-protestas-en-oaxaca-anuncian-union-de-organizaciones","status":"publish","type":"post","link":"https:\/\/zonaroja.com.mx\/?p=34108","title":{"rendered":"No cesan protestas en Oaxaca; anuncian uni\u00f3n de organizaciones"},"content":{"rendered":"\n<p>Evlin Arag\u00f3n\/Zona Roja.<\/p>\n\n\n\n<p>Oaxaca de Ju\u00e1rez, Oax., 9 de noviembre de 2021.- Integrantes de la Coordinaci\u00f3n de Organizaciones de Oaxaca se manifestaron este martes en la capital del estado para anunciar la uni\u00f3n de diversos grupos sociales y denunciar la criminalizaci\u00f3n de las y los defensores de derechos humanos.<\/p>\n\n\n\n<p>En conferencia de prensa, enunciaron como principales demandas el regreso del defensor exiliado, Ra\u00fal Gatica Bautista, supuestamente perseguido por el gobierno desde 2005, y un alto a la persecuci\u00f3n de las defensoras chinantecas Victoria Jim\u00e9nez Mendoza y Maura Mendoza Acevedo.&nbsp;<\/p>\n\n\n\n<p>As\u00ed mismo, se detengan las amenazas de muerte e intimidaci\u00f3n hacia pobladores de San Antonio las Palmas de Santiago Jocotepec, vulnerados por la autoridad municipal, encabezada por Carlos Rigoberto Esc\u00e1rcega y la apertura del camino que lleva a la comunidad de Playa Lim\u00f3n, cuya poblaci\u00f3n pide se le entreguen los recursos municipales que les corresponden.<\/p>\n\n\n\n<p>Tambi\u00e9n la protecci\u00f3n a los defensores Patrocinio Mart\u00ednez L\u00f3pez y Kristal Jim\u00e9nez Tovilla; la salida de grupos priistas de la localidad de Barrio La Guadalupe, de Santa Mar\u00eda Huatulco; y el esclarecimiento del asesinato de Catarino Torres Pereda.<\/p>\n\n\n\n<p>Dentro de las organizaciones adheridas a la coordinaci\u00f3n se encuentra el Consejo Ind\u00edgena Popular de Oaxaca \u201cRicardo Flores Mag\u00f3n\u201d (CIPO-RFM), el Comit\u00e9 de Defensa de los Derechos Humanos de los Pueblos de Oaxaca y el Comit\u00e9 de Defensa Ciudadana \u201cCatarino Torres Pereda\u201d.<\/p>\n\n\n\n<p>Mientras que, integrantes de la Organizaci\u00f3n para el Bienestar de los Pueblos del Estado de Oaxaca (OBPEO), dirigida por Adolfo S\u00e1nchez L\u00f3pez, denunciado como deudor alimentario, se manifestaron en el crucero del estadio de beisbol \u201cEduardo Vasconcelos\u201d<\/p>\n\n\n\n<p>\u201cEl gobierno de estado de Oaxaca no les cumple a los estudiantes de Yutanduchi de Guerrero, Nochixtl\u00e1n\u201d, refer\u00eda una enorme lona con la impidieron el paso en la vialidad.&nbsp;<\/p>\n\n\n\n<p>De acuerdo con Pedro Cruz Mojar\u00e1s, presidente municipal de Yutanduchi, la Secretar\u00eda General de Gobierno (Segego) no ha validado el oficio de autorizaci\u00f3n de la obra de techado para la escuela telesecundaria de su comunidad, la cual adem\u00e1s se encuentra en p\u00e9simas condiciones.&nbsp;<\/p>\n\n\n\n<p>Por lo anterior decidieron iniciar una serie de protestas, las cuales aseguraron mantendr\u00e1n en caso de no obtener respuesta a sus demandas.<\/p>\n\n\n\n<p>Finalmente, y al interior del estado, agentes municipales de La Mixtequilla, Villa Nueva, San Pedro Acatl\u00e1n Grande y Constituci\u00f3n Mexicana, todas pertenecientes a San Juan Mazatl\u00e1n Mixe, mantienen su protesta para exigir la asignaci\u00f3n de los recursos p\u00fablicos que por ley les corresponden, provenientes de los ramos 28 y 33.<\/p>\n\n\n\n<p>Desde hace m\u00e1s de dos semanas, la poblaci\u00f3n mantiene habilitados dos bloqueos carreteros que impiden el tr\u00e1nsito hac\u00eda la Cuenca del Papaloapan y el estado de Veracruz, para exigir al edil, Macario Eleuterio Jim\u00e9nez, el dinero que no les han entregado desde hace cuatro a\u00f1os.&nbsp;<\/p>\n\n\n\n<p>Apenas este fin de semana, anunciaron que linchar\u00edan al tesorero Gildardo Bautista L\u00f3pez, en caso de no recibir los recursos; mientras que la autoridad estatal, a trav\u00e9s de la Secretar\u00eda General de Gobierno, ha declarado que se trata de un asunto interno en la comunidad.&nbsp;<\/p>\n","protected":false},"excerpt":{"rendered":"<p>Evlin Arag\u00f3n\/Zona Roja. Oaxaca de Ju\u00e1rez, Oax., 9 de noviembre de 2021.- Integrantes de la&hellip;<\/p>\n","protected":false},"author":2,"featured_media":34106,"comment_status":"closed","ping_status":"open","sticky":false,"template":"","format":"standard","meta":{"_lmt_disableupdate":"","_lmt_disable":"","_jetpack_memberships_contains_paid_content":false,"footnotes":""},"categories":[109,47],"tags":[2254],"class_list":["post-34108","post","type-post","status-publish","format-standard","has-post-thumbnail","hentry","category-minuto-a-minuto","category-zona-gris","tag-protestas-y-bloqueos-oaxaca"],"jetpack_featured_media_url":"https:\/\/zonaroja.com.mx\/wp-content\/uploads\/2021\/11\/Protestas-Oaxaca-CIPO.jpg","jetpack_sharing_enabled":true,"_links":{"self":[{"href":"https:\/\/zonaroja.com.mx\/index.php?rest_route=\/wp\/v2\/posts\/34108","targetHints":{"allow":["GET"]}}],"collection":[{"href":"https:\/\/zonaroja.com.mx\/index.php?rest_route=\/wp\/v2\/posts"}],"about":[{"href":"https:\/\/zonaroja.com.mx\/index.php?rest_route=\/wp\/v2\/types\/post"}],"author":[{"embeddable":true,"href":"https:\/\/zonaroja.com.mx\/index.php?rest_route=\/wp\/v2\/users\/2"}],"replies":[{"embeddable":true,"href":"https:\/\/zonaroja.com.mx\/index.php?rest_route=%2Fwp%2Fv2%2Fcomments&post=34108"}],"version-history":[{"count":1,"href":"https:\/\/zonaroja.com.mx\/index.php?rest_route=\/wp\/v2\/posts\/34108\/revisions"}],"predecessor-version":[{"id":34109,"href":"https:\/\/zonaroja.com.mx\/index.php?rest_route=\/wp\/v2\/posts\/34108\/revisions\/34109"}],"wp:featuredmedia":[{"embeddable":true,"href":"https:\/\/zonaroja.com.mx\/index.php?rest_route=\/wp\/v2\/media\/34106"}],"wp:attachment":[{"href":"https:\/\/zonaroja.com.mx\/index.php?rest_route=%2Fwp%2Fv2%2Fmedia&parent=34108"}],"wp:term":[{"taxonomy":"category","embeddable":true,"href":"https:\/\/zonaroja.com.mx\/index.php?rest_route=%2Fwp%2Fv2%2Fcategories&post=34108"},{"taxonomy":"post_tag","embeddable":true,"href":"https:\/\/zonaroja.com.mx\/index.php?rest_route=%2Fwp%2Fv2%2Ftags&post=34108"}],"curies":[{"name":"wp","href":"https:\/\/api.w.org\/{rel}","templated":true}]}}