{"id":34129,"date":"2021-11-10T07:36:47","date_gmt":"2021-11-10T13:36:47","guid":{"rendered":"http:\/\/www.zonaroja.com.mx\/?p=34129"},"modified":"2021-11-10T07:36:51","modified_gmt":"2021-11-10T13:36:51","slug":"ahora-detienen-en-veracruz-a-abogados-de-diputado-oaxaqueno","status":"publish","type":"post","link":"https:\/\/zonaroja.com.mx\/?p=34129","title":{"rendered":"Ahora detienen en Veracruz a abogados de diputado oaxaque\u00f1o"},"content":{"rendered":"\n<p>Redacci\u00f3n\/Zona Roja.<\/p>\n\n\n\n<p>Oaxaca de Ju\u00e1rez, Oax., 10 de noviembre de 2021.- Acusados de presuntos delitos contra la salud, portaci\u00f3n ilegal de arma de fuego y ultrajes de la autoridad, fueron detenidos en Coatepec los abogados defensores del diputado local oaxaque\u00f1o Gustavo D\u00edaz S\u00e1nchez, El Gato. Polic\u00edas estatales detuvieron a V\u00edctor Alfonso &#8216;N&#8217; y Jos\u00e9 Ram\u00f3n &#8216;N&#8217; en el municipio donde el diputado oaxaque\u00f1o se encuentra preso en el penal de Pacho Viejo.<\/p>\n\n\n\n<p>Seg\u00fan informaci\u00f3n de \u201cMilenio\u201d, derivado de un reporte sobre una persona presuntamente armada a bordo de un veh\u00edculo Chrysler placas YMD745A, en la localidad de Pacho Viejo, los efectivos implementaron una b\u00fasqueda de la unidad, la cual fue detectada en la localidad La Laguna.<\/p>\n\n\n\n<p>Al marcarle el alto, el conductor hizo caso omiso y dispar\u00f3 contra los oficiales, con lo cual se inici\u00f3 una persecuci\u00f3n y, finalmente, la detenci\u00f3n del agresor y su acompa\u00f1ante, a\u00f1ade la informaci\u00f3n de \u201cMilenio\u201d.<\/p>\n\n\n\n<p>Durante la aprehensi\u00f3n, V\u00edctor Alfonso &#8216;N&#8217; tambi\u00e9n atac\u00f3 con una navaja a uno de los oficiales.<\/p>\n\n\n\n<p>En la revisi\u00f3n le fueron asegurados 40 bolsitas de mariguana, 36 bolsas con cristal, una navaja, un arma de fuego corta, la unidad vehicular y tres casquillos percutidos.<\/p>\n\n\n\n<p>Los detenidos y lo asegurado se encuentran a disposici\u00f3n de la autoridad competente para las indagatorias correspondientes.<\/p>\n\n\n\n<p>M\u00e1s tarde se conoci\u00f3 que los detenidos estaban a cargo de la defensa del legislador, quien al igual que su hijo y otra persona, fueron detenidos la semana pasada en Tezonapa y Fort\u00edn de las Flores, detalla \u201cMilenio\u201d, con informaci\u00f3n fechada en Veracruz.<\/p>\n","protected":false},"excerpt":{"rendered":"<p>Redacci\u00f3n\/Zona Roja. Oaxaca de Ju\u00e1rez, Oax., 10 de noviembre de 2021.- Acusados de presuntos delitos&hellip;<\/p>\n","protected":false},"author":2,"featured_media":34130,"comment_status":"closed","ping_status":"open","sticky":false,"template":"","format":"standard","meta":{"_lmt_disableupdate":"","_lmt_disable":"","_jetpack_memberships_contains_paid_content":false,"footnotes":""},"categories":[109,47],"tags":[671],"class_list":["post-34129","post","type-post","status-publish","format-standard","has-post-thumbnail","hentry","category-minuto-a-minuto","category-zona-gris","tag-gustavo-diaz-sanchez"],"jetpack_featured_media_url":"https:\/\/zonaroja.com.mx\/wp-content\/uploads\/2021\/11\/Abogados-Gustavo-Diaz-Sanchez-detenidos.jpg","jetpack_sharing_enabled":true,"_links":{"self":[{"href":"https:\/\/zonaroja.com.mx\/index.php?rest_route=\/wp\/v2\/posts\/34129","targetHints":{"allow":["GET"]}}],"collection":[{"href":"https:\/\/zonaroja.com.mx\/index.php?rest_route=\/wp\/v2\/posts"}],"about":[{"href":"https:\/\/zonaroja.com.mx\/index.php?rest_route=\/wp\/v2\/types\/post"}],"author":[{"embeddable":true,"href":"https:\/\/zonaroja.com.mx\/index.php?rest_route=\/wp\/v2\/users\/2"}],"replies":[{"embeddable":true,"href":"https:\/\/zonaroja.com.mx\/index.php?rest_route=%2Fwp%2Fv2%2Fcomments&post=34129"}],"version-history":[{"count":1,"href":"https:\/\/zonaroja.com.mx\/index.php?rest_route=\/wp\/v2\/posts\/34129\/revisions"}],"predecessor-version":[{"id":34131,"href":"https:\/\/zonaroja.com.mx\/index.php?rest_route=\/wp\/v2\/posts\/34129\/revisions\/34131"}],"wp:featuredmedia":[{"embeddable":true,"href":"https:\/\/zonaroja.com.mx\/index.php?rest_route=\/wp\/v2\/media\/34130"}],"wp:attachment":[{"href":"https:\/\/zonaroja.com.mx\/index.php?rest_route=%2Fwp%2Fv2%2Fmedia&parent=34129"}],"wp:term":[{"taxonomy":"category","embeddable":true,"href":"https:\/\/zonaroja.com.mx\/index.php?rest_route=%2Fwp%2Fv2%2Fcategories&post=34129"},{"taxonomy":"post_tag","embeddable":true,"href":"https:\/\/zonaroja.com.mx\/index.php?rest_route=%2Fwp%2Fv2%2Ftags&post=34129"}],"curies":[{"name":"wp","href":"https:\/\/api.w.org\/{rel}","templated":true}]}}