{"id":3413,"date":"2019-08-26T13:24:33","date_gmt":"2019-08-26T18:24:33","guid":{"rendered":"http:\/\/www.zonaroja.com.mx\/?p=3413"},"modified":"2019-08-26T13:24:35","modified_gmt":"2019-08-26T18:24:35","slug":"respaldan-sindicatos-a-trabajadores-de-salud-con-ordenes-de-aprehension","status":"publish","type":"post","link":"https:\/\/zonaroja.com.mx\/?p=3413","title":{"rendered":"Respaldan sindicatos a trabajadores de Salud con \u00f3rdenes de aprehensi\u00f3n"},"content":{"rendered":"\n<p>Redacci\u00f3n\/Zona\nRoja.<\/p>\n\n\n\n<p>Oaxaca de\nJu\u00e1rez, Oax., 26 de agosto de 2019.- Integrantes del Frente Unificador de\nSindicatos Independientes de Oaxaca y Nacionales (FUSION), protestaron afuera\nde las oficinas centrales de los Servicios de Salud de Oaxaca, para respaldar a\nlas y los trabajadores del Comit\u00e9 Ejecutivo de la Secci\u00f3n 9 del Sindicato\nIndependiente Nacional de Trabajadores de Salud (SINTS), a quienes se les han\niniciado investigaciones por sus recientes protestas.<\/p>\n\n\n\n<p>De acuerdo\ncon Genaro Villalobos S\u00e1nchez, quien dirige dicho gremio y el d\u00eda de hoy tiene\nuna diligencia por el proceso judicial en su contra, es real la represi\u00f3n del Estado\nen contra de la protesta social, prueba de ello lo que viven integrantes de\nsindicatos de salud y educaci\u00f3n quienes cuentan con \u00f3rdenes de aprehensi\u00f3n en\nestos momentos.<\/p>\n\n\n\n<p>Para el\ndirigente sindical existe dolo, mala fe, alevos\u00eda y ventaja por parte de la\nFiscal\u00eda General del Estado, ya que en estos casos si ejecutan la ley de manera\npronta y expedita, no as\u00ed en los casos de las desapariciones, asesinatos de\nl\u00edderes de organizaciones, feminicidios, violencia de g\u00e9nero, entre otros\ndelitos sumamente graves que van a la alza en entidad.<\/p>\n\n\n\n<p>As\u00ed mismo\ndenunci\u00f3 que la dependencia, a cargo de Rub\u00e9n Vasconcelos M\u00e9ndez, de manera\nreiterada ha exhibido y denostado, a trav\u00e9s de boletines con fotograf\u00eda, a\nquienes integran el sindicato, violentado sus derechos como ciudadanos, dentro\nde ellos a la libre manifestaci\u00f3n y a la presunci\u00f3n de inocencia.<\/p>\n\n\n\n<p>Villalobos\nS\u00e1nchez explic\u00f3 que desde el pasado 26 de junio iniciaron una jornada de lucha\npor la defensa de los derechos labores de quienes estaban adscritos en el programa\nProspera y fueron despedidos sin ning\u00fan tipo de consideraci\u00f3n y a pesar de la\nantig\u00fcedad con la que contaban, a consecuencia de lo cual se les giraron \u00f3rdenes\nde aprensi\u00f3n violentando su derecho a la libre manifestaci\u00f3n.<\/p>\n\n\n\n<p>En\nconferencia de prensa indic\u00f3 que no es justo que la base trabajadora pague los\nplatos rotos de la \u201causteridad\u201d que promueven los gobiernos y por el contrario\nse pronunci\u00f3 en contra del recorte de trabajadores en el sector salud, que\nahonda la crisis ya existente en el \u00e1rea.<\/p>\n\n\n\n<p>\u201cEsa\npol\u00edtica anti laboral ejercida por el estado no va a resolver de fondo la\ncrisis financiera a la que se enfrenta el sector salud, el recorte de personal\nprovoca un d\u00e9ficit en la atenci\u00f3n a la poblaci\u00f3n y debe dejar de ser una opci\u00f3n\npara los gobiernos que argumentan la necesidad de una austeridad\u201d, dijo.<\/p>\n\n\n\n<p>Finalmente\nasegur\u00f3 que existe \u201cterrorismo de Estado\u201d del cual est\u00e1n siendo objeto l\u00edderes\nsindicales por el simple hecho de manifestarse por los derechos de la base\ntrabajadora, incluida su recontrataci\u00f3n, acci\u00f3n que es parte de la obligaci\u00f3n\nde cualquier sindicato.<\/p>\n","protected":false},"excerpt":{"rendered":"<p>Redacci\u00f3n\/Zona Roja. Oaxaca de Ju\u00e1rez, Oax., 26 de agosto de 2019.- Integrantes del Frente Unificador&hellip;<\/p>\n","protected":false},"author":2,"featured_media":3414,"comment_status":"closed","ping_status":"open","sticky":false,"template":"","format":"standard","meta":{"_lmt_disableupdate":"","_lmt_disable":"","_jetpack_memberships_contains_paid_content":false,"footnotes":""},"categories":[109,47],"tags":[494,592,572],"class_list":["post-3413","post","type-post","status-publish","format-standard","has-post-thumbnail","hentry","category-minuto-a-minuto","category-zona-gris","tag-fiscalia-general-del-estado-de-oaxaca","tag-fusion","tag-genaro-villalobos-sanchez"],"jetpack_featured_media_url":"https:\/\/zonaroja.com.mx\/wp-content\/uploads\/2019\/08\/a61eba31-0e4e-4c0a-aa86-21450cfc7ee1.jpg","jetpack_sharing_enabled":true,"_links":{"self":[{"href":"https:\/\/zonaroja.com.mx\/index.php?rest_route=\/wp\/v2\/posts\/3413","targetHints":{"allow":["GET"]}}],"collection":[{"href":"https:\/\/zonaroja.com.mx\/index.php?rest_route=\/wp\/v2\/posts"}],"about":[{"href":"https:\/\/zonaroja.com.mx\/index.php?rest_route=\/wp\/v2\/types\/post"}],"author":[{"embeddable":true,"href":"https:\/\/zonaroja.com.mx\/index.php?rest_route=\/wp\/v2\/users\/2"}],"replies":[{"embeddable":true,"href":"https:\/\/zonaroja.com.mx\/index.php?rest_route=%2Fwp%2Fv2%2Fcomments&post=3413"}],"version-history":[{"count":1,"href":"https:\/\/zonaroja.com.mx\/index.php?rest_route=\/wp\/v2\/posts\/3413\/revisions"}],"predecessor-version":[{"id":3415,"href":"https:\/\/zonaroja.com.mx\/index.php?rest_route=\/wp\/v2\/posts\/3413\/revisions\/3415"}],"wp:featuredmedia":[{"embeddable":true,"href":"https:\/\/zonaroja.com.mx\/index.php?rest_route=\/wp\/v2\/media\/3414"}],"wp:attachment":[{"href":"https:\/\/zonaroja.com.mx\/index.php?rest_route=%2Fwp%2Fv2%2Fmedia&parent=3413"}],"wp:term":[{"taxonomy":"category","embeddable":true,"href":"https:\/\/zonaroja.com.mx\/index.php?rest_route=%2Fwp%2Fv2%2Fcategories&post=3413"},{"taxonomy":"post_tag","embeddable":true,"href":"https:\/\/zonaroja.com.mx\/index.php?rest_route=%2Fwp%2Fv2%2Ftags&post=3413"}],"curies":[{"name":"wp","href":"https:\/\/api.w.org\/{rel}","templated":true}]}}