{"id":34138,"date":"2021-11-10T11:47:58","date_gmt":"2021-11-10T17:47:58","guid":{"rendered":"https:\/\/www.zonaroja.com.mx\/?p=34138"},"modified":"2021-11-10T12:03:36","modified_gmt":"2021-11-10T18:03:36","slug":"34138","status":"publish","type":"post","link":"https:\/\/zonaroja.com.mx\/?p=34138","title":{"rendered":"Emiten Alerta Rosa por desaparici\u00f3n de defensora de bosques en Atatlahuca"},"content":{"rendered":"\n<p>Evlin Arag\u00f3n\/Zona Roja.&nbsp;<\/p>\n\n\n\n<p>Oaxaca de Ju\u00e1rez, Oax.. 10 de noviembre de 2021.-&nbsp;La Fiscal\u00eda General de Estado de Oaxaca emiti\u00f3 la Alerta Rosa, a fin de pedir la colaboraci\u00f3n de la ciudadan\u00eda para dar con el paradero de Irma Galindo Barrios, conocida como defensora del medio ambiente en el municipio de San Esteban Atatlahuaca.&nbsp;&nbsp;<\/p>\n\n\n\n<p>De acuerdo con la ficha de b\u00fasqueda, la mujer de 41 a\u00f1os de edad fue vista por \u00faltima vez el 27 de octubre pasado, en la comunidad de Mier y Ter\u00e1n, una&nbsp;de las tres&nbsp;agencias&nbsp;afectadas con la reciente violencia suscitada en dicho municipio y que dej\u00f3 decenas de familias desplazadas.&nbsp;&nbsp;<\/p>\n\n\n\n<p>Irma vest\u00eda un pantal\u00f3n de mezclilla, blusa t\u00edpica de manta con grecas bordado de color rojo, chamarra tipo gabardina de color negro, al momento de su desaparici\u00f3n, tambi\u00e9n calzaba botines y portaba sombrero negro.&nbsp;&nbsp;<\/p>\n\n\n\n<p>La ficha destaca como se\u00f1a particular un lunar abultado del lado izquierdo del rostro, a la altura de la mejilla.<\/p>\n\n\n\n<p>Desde hace un a\u00f1o la activista alert\u00f3 del conflicto interno que viven las comunidades de Guerrero Grande, Mier y Ter\u00e1n y Ndoyonoyuji, con la cabecera municipal por la tala clandestina.&nbsp;&nbsp;<\/p>\n\n\n\n<p>En noviembre del 2019, la ambientalista fue de las primeras v\u00edctimas de la violencia cuando se convirti\u00f3 en desplazada forzada, ya que su casa fue incendiada, permaneci\u00f3 en calidad de desaparecida y despu\u00e9s de 10 d\u00edas fue localizada con vida.&nbsp;<\/p>\n\n\n\n<p>De acuerdo con su propio testimonio, decidi\u00f3 protegerse por temor a las amenazas que hab\u00eda recibido de personas cercanas a las autoridades municipales de Atatlahuaca, que la miran como una amenaza al encabezar la defensa de la zona arbolada de la localidad.&nbsp;&nbsp;<\/p>\n\n\n\n<p>En m\u00e1s de una ocasi\u00f3n ha expresado su preocupaci\u00f3n por la operaci\u00f3n de aserraderos que sin aparente control, con permisos federales y la anuncia de las autoridades locales, originan la deforestaci\u00f3n.&nbsp;<\/p>\n\n\n\n<p>La violencia que se desat\u00f3 a finales de octubre dej\u00f3 como saldo&nbsp;un aproximado de 300 personas desplazadas, 120 casas quemadas, una persona fallecida y cuatro m\u00e1s desaparecidas, a las que suma&nbsp;Irma Galindo Barrios, quien hoy es buscada por sus familiares.&nbsp;<\/p>\n\n\n\n<p>Fue este lunes por la tarde que la Fiscal\u00eda de Oaxaca emiti\u00f3 la Alerta Rosa para dar con el paradero de la ambientalista y ya difunde la ficha a trav\u00e9s de sus redes sociales.  <\/p>\n","protected":false},"excerpt":{"rendered":"<p>Evlin Arag\u00f3n\/Zona Roja.&nbsp; Oaxaca de Ju\u00e1rez, Oax.. 10 de noviembre de 2021.-&nbsp;La Fiscal\u00eda General de&hellip;<\/p>\n","protected":false},"author":2,"featured_media":34137,"comment_status":"closed","ping_status":"open","sticky":false,"template":"","format":"standard","meta":{"_lmt_disableupdate":"","_lmt_disable":"","_jetpack_memberships_contains_paid_content":false,"footnotes":""},"categories":[109,47],"tags":[1025],"class_list":["post-34138","post","type-post","status-publish","format-standard","has-post-thumbnail","hentry","category-minuto-a-minuto","category-zona-gris","tag-san-esteban-atatlahuca"],"jetpack_featured_media_url":"https:\/\/zonaroja.com.mx\/wp-content\/uploads\/2021\/11\/img_1860.jpg","jetpack_sharing_enabled":true,"_links":{"self":[{"href":"https:\/\/zonaroja.com.mx\/index.php?rest_route=\/wp\/v2\/posts\/34138","targetHints":{"allow":["GET"]}}],"collection":[{"href":"https:\/\/zonaroja.com.mx\/index.php?rest_route=\/wp\/v2\/posts"}],"about":[{"href":"https:\/\/zonaroja.com.mx\/index.php?rest_route=\/wp\/v2\/types\/post"}],"author":[{"embeddable":true,"href":"https:\/\/zonaroja.com.mx\/index.php?rest_route=\/wp\/v2\/users\/2"}],"replies":[{"embeddable":true,"href":"https:\/\/zonaroja.com.mx\/index.php?rest_route=%2Fwp%2Fv2%2Fcomments&post=34138"}],"version-history":[{"count":3,"href":"https:\/\/zonaroja.com.mx\/index.php?rest_route=\/wp\/v2\/posts\/34138\/revisions"}],"predecessor-version":[{"id":34141,"href":"https:\/\/zonaroja.com.mx\/index.php?rest_route=\/wp\/v2\/posts\/34138\/revisions\/34141"}],"wp:featuredmedia":[{"embeddable":true,"href":"https:\/\/zonaroja.com.mx\/index.php?rest_route=\/wp\/v2\/media\/34137"}],"wp:attachment":[{"href":"https:\/\/zonaroja.com.mx\/index.php?rest_route=%2Fwp%2Fv2%2Fmedia&parent=34138"}],"wp:term":[{"taxonomy":"category","embeddable":true,"href":"https:\/\/zonaroja.com.mx\/index.php?rest_route=%2Fwp%2Fv2%2Fcategories&post=34138"},{"taxonomy":"post_tag","embeddable":true,"href":"https:\/\/zonaroja.com.mx\/index.php?rest_route=%2Fwp%2Fv2%2Ftags&post=34138"}],"curies":[{"name":"wp","href":"https:\/\/api.w.org\/{rel}","templated":true}]}}