{"id":34142,"date":"2021-11-10T17:52:39","date_gmt":"2021-11-10T23:52:39","guid":{"rendered":"http:\/\/www.zonaroja.com.mx\/?p=34142"},"modified":"2021-11-10T17:52:43","modified_gmt":"2021-11-10T23:52:43","slug":"comerciantes-establecidos-protestan-otra-vez-contra-el-edil-de-oaxaca-capital","status":"publish","type":"post","link":"https:\/\/zonaroja.com.mx\/?p=34142","title":{"rendered":"Comerciantes establecidos protestan, otra vez, contra el edil de Oaxaca capital"},"content":{"rendered":"\n<p>Evlin Arag\u00f3n\/Zona Roja.<\/p>\n\n\n\n<p>Oaxaca de Ju\u00e1rez, Oax., 10 de noviembre de 2021.- Comerciantes establecidos de la ciudad de Oaxaca protestaron de nueva cuenta en contra del edil morenista Oswaldo Garc\u00eda Jarqu\u00edn, a quien acusaron de omisi\u00f3n para atender la problem\u00e1tica del ambulantaje y la inseguridad que aumenta de manera considerable en la zona.<\/p>\n\n\n\n<p>Esther Merino, propietario de un establecimiento en la zona centro, manifest\u00f3 que la problem\u00e1tica del comercio ambulante no ha sido resuelta por el edil que, apenas el fin de semana, destac\u00f3 el operativo polic\u00edaco para el desalojo de la Alameda de Le\u00f3n y el z\u00f3calo; y por el contrario, se ha instalado en otras calles como Reforma, Col\u00f3n, y 20 de Noviembre, por citar algunas.<\/p>\n\n\n\n<p>En este sentido, pidi\u00f3 piso parejo a la autoridad municipal en torno al pago de impuestos, toda vez que el comercio formal no ha sido beneficiario de incentivos fiscales pese a la pandemia, por el contrario son hostigados para que lleven a cabo sus contribuciones.<\/p>\n\n\n\n<p>Detall\u00f3 que hay comerciantes que est\u00e1n cerca de ver clausurados sus comercios ante la falta de pagos al municipio que van de los dos mil a los 40 mil pesos, m\u00e1s las multas que se han generado por los retrasos ante la crisis econ\u00f3mica derivada de la pandemia.<\/p>\n\n\n\n<p>\u201cAl final de cuentas estamos obligados a pagar nuestros impuestos, lo que queremos es piso parejo para todos, porque la ley es general, no se puede aplicar en beneficio de unos y perjuicio de otros\u201d, dijo.<\/p>\n\n\n\n<p>Finalmente, reclam\u00f3 que las inmediaciones de un espacio tan emblem\u00e1tico como el Jard\u00edn Etnobot\u00e1nico, sobre la calle de Reforma, haya sido invadido de puestos ambulantes, situaci\u00f3n que independientemente de causar una mala imagen da cuenta que la problem\u00e1tica no ha sido solucionada como presume Oswaldo Jarqu\u00edn.<\/p>\n\n\n\n<figure class=\"wp-block-embed is-type-rich is-provider-twitter wp-block-embed-twitter\"><div class=\"wp-block-embed__wrapper\">\n<div class=\"twitter-tweet\"><blockquote class=\"twitter-tweet\" data-lang=\"es\"><p lang=\"es\" dir=\"ltr\"><a href=\"https:\/\/twitter.com\/hashtag\/%C3%9AltimoMinuto?src=hash&amp;ref_src=twsrc%5Etfw\">#\u00daltimoMinuto<\/a> <br>Comerciantes establecidos de la ciudad de Oaxaca protestan de nuevo contra el edil <a href=\"https:\/\/twitter.com\/oswaldogarciaj?ref_src=twsrc%5Etfw\">@oswaldogarciaj<\/a>, a quien acusan omisi\u00f3n para atender problemas como la inseguridad y el ambulantaje. <a href=\"https:\/\/t.co\/jmuT3Q9o00\">pic.twitter.com\/jmuT3Q9o00<\/a><\/p>&mdash; Zona Roja Oaxaca (@Zona_Roja_Oax) <a href=\"https:\/\/twitter.com\/Zona_Roja_Oax\/status\/1458462709310058505?ref_src=twsrc%5Etfw\">10 de noviembre de 2021<\/a><\/blockquote><\/div>\n<\/div><\/figure>\n\n\n\n<p>En esto \u00faltimo coincidi\u00f3 otro comerciante que, adem\u00e1s, denunci\u00f3 que la calle de Col\u00f3n ha sido invadida por decenas de puestos y que incluso se ha convertido en un estacionamiento sin ning\u00fan tipo de regulaci\u00f3n por parte de las autoridades, lo cual perjudica incluso a quienes habitan en la zona.<\/p>\n\n\n\n<p>\u201cLa calle de Col\u00f3n no solo funciona como espacio para venta, sino que ahora es un estacionamiento. Las medidas que ha tomado la autoridad ha fomentado el uso indebido de las vialidades, incluidas las m\u00e1s importantes\u201d, sentenci\u00f3.<\/p>\n\n\n\n<p>As\u00ed mismo indic\u00f3 que desde hace cinco meses dicha vialidad permanece obstruida, de lo cual responsabiliz\u00f3 a la autoridad municipal que carece de sensibilidad para mejorar el uso de las vialidades en la ciudad considerada como Patrimonio de la Humanidad.<\/p>\n\n\n\n<p>Mientras que, en su comunicado de prensa, recordaron que durante las \u00faltimas nueve administraciones p\u00fablicas municipales, el comercio informal que realiza sus actividades en via p\u00fablica, se ha incrementado de manera exponencial, ya sea por personas lugare\u00f1as o por grupos que vienen de fuera y responden a otros intereses.<\/p>\n\n\n\n<figure class=\"wp-block-image size-full\"><a href=\"http:\/\/www.zonaroja.com.mx\/wp-content\/uploads\/2021\/11\/Protesta-ciudad-de-Oaxaca-cerro-del-creston.jpg\" data-rel=\"penci-gallery-image-content\" ><img decoding=\"async\" width=\"360\" height=\"202\" src=\"http:\/\/www.zonaroja.com.mx\/wp-content\/uploads\/2021\/11\/Protesta-ciudad-de-Oaxaca-cerro-del-creston.jpg\" alt=\"\" class=\"wp-image-34144\" srcset=\"https:\/\/zonaroja.com.mx\/wp-content\/uploads\/2021\/11\/Protesta-ciudad-de-Oaxaca-cerro-del-creston.jpg 360w, https:\/\/zonaroja.com.mx\/wp-content\/uploads\/2021\/11\/Protesta-ciudad-de-Oaxaca-cerro-del-creston-300x168.jpg 300w\" sizes=\"(max-width: 360px) 100vw, 360px\" \/><\/a><\/figure>\n\n\n\n<p>Por lo anterior, convocaron a toda la poblaci\u00f3n oaxaque\u00f1a a sumarse al esfuerzo por el rescate del Centro Hist\u00f3rico, ello mediante la recolecci\u00f3n de firmas para iniciar con los procedimientos legales en demanda del manejo integral de los diferentes problemas que a la fecha limitan de vida colectiva en la ciudad.<\/p>\n\n\n\n<p>OTRA MOVILIZACI\u00d3N<\/p>\n\n\n\n<p>Tras ello, una segunda protesta se efectu\u00f3, en esta ocasi\u00f3n en el exterior del palacio municipal, ahora por parte de ambientalistas.<\/p>\n\n\n\n<p>Seg\u00fan denunciaron, hasta ahora el edil Garc\u00eda Jarqu\u00edn ha sido omiso para proteger los cerros del \u201cFort\u00edn\u201d y \u201cCrest\u00f3n\u201d, este \u00faltimo que ha sido invadido continuamente y donde se est\u00e1n construyendo inmuebles, pese a que supuestamente es un \u00e1rea natural protegida.<\/p>\n\n\n\n<p>Lamentaron que el ayuntamiento insista en proteger a invasores e inversionistas que continuamente se han apoderado de predios para emprender construcciones.<\/p>\n\n\n\n<p>A pesar de que en el interior del palacio municipal sesionaban integrantes del Cabildo, ninguno atendi\u00f3 las demandas de los inconformes.<\/p>\n","protected":false},"excerpt":{"rendered":"<p>Evlin Arag\u00f3n\/Zona Roja. Oaxaca de Ju\u00e1rez, Oax., 10 de noviembre de 2021.- Comerciantes establecidos de&hellip;<\/p>\n","protected":false},"author":2,"featured_media":34143,"comment_status":"closed","ping_status":"open","sticky":false,"template":"","format":"standard","meta":{"_lmt_disableupdate":"","_lmt_disable":"","_jetpack_memberships_contains_paid_content":false,"footnotes":""},"categories":[109,47],"tags":[148],"class_list":["post-34142","post","type-post","status-publish","format-standard","has-post-thumbnail","hentry","category-minuto-a-minuto","category-zona-gris","tag-oaxaca-de-juarez"],"jetpack_featured_media_url":"https:\/\/zonaroja.com.mx\/wp-content\/uploads\/2021\/11\/Protesta-comerciantes-de-la-ciudad.jpg","jetpack_sharing_enabled":true,"_links":{"self":[{"href":"https:\/\/zonaroja.com.mx\/index.php?rest_route=\/wp\/v2\/posts\/34142","targetHints":{"allow":["GET"]}}],"collection":[{"href":"https:\/\/zonaroja.com.mx\/index.php?rest_route=\/wp\/v2\/posts"}],"about":[{"href":"https:\/\/zonaroja.com.mx\/index.php?rest_route=\/wp\/v2\/types\/post"}],"author":[{"embeddable":true,"href":"https:\/\/zonaroja.com.mx\/index.php?rest_route=\/wp\/v2\/users\/2"}],"replies":[{"embeddable":true,"href":"https:\/\/zonaroja.com.mx\/index.php?rest_route=%2Fwp%2Fv2%2Fcomments&post=34142"}],"version-history":[{"count":1,"href":"https:\/\/zonaroja.com.mx\/index.php?rest_route=\/wp\/v2\/posts\/34142\/revisions"}],"predecessor-version":[{"id":34145,"href":"https:\/\/zonaroja.com.mx\/index.php?rest_route=\/wp\/v2\/posts\/34142\/revisions\/34145"}],"wp:featuredmedia":[{"embeddable":true,"href":"https:\/\/zonaroja.com.mx\/index.php?rest_route=\/wp\/v2\/media\/34143"}],"wp:attachment":[{"href":"https:\/\/zonaroja.com.mx\/index.php?rest_route=%2Fwp%2Fv2%2Fmedia&parent=34142"}],"wp:term":[{"taxonomy":"category","embeddable":true,"href":"https:\/\/zonaroja.com.mx\/index.php?rest_route=%2Fwp%2Fv2%2Fcategories&post=34142"},{"taxonomy":"post_tag","embeddable":true,"href":"https:\/\/zonaroja.com.mx\/index.php?rest_route=%2Fwp%2Fv2%2Ftags&post=34142"}],"curies":[{"name":"wp","href":"https:\/\/api.w.org\/{rel}","templated":true}]}}