{"id":34150,"date":"2021-11-10T21:12:38","date_gmt":"2021-11-11T03:12:38","guid":{"rendered":"http:\/\/www.zonaroja.com.mx\/?p=34150"},"modified":"2021-11-10T21:12:45","modified_gmt":"2021-11-11T03:12:45","slug":"persiste-conflicto-interno-en-steuabjo-y-genera-ahora-cierre-de-cu","status":"publish","type":"post","link":"https:\/\/zonaroja.com.mx\/?p=34150","title":{"rendered":"Persiste conflicto interno en STEUABJO y genera ahora cierre de CU"},"content":{"rendered":"\n<p>Evlin Arag\u00f3n\/Zona Roja.<\/p>\n\n\n\n<p>Oaxaca de Ju\u00e1rez, Oax., 10 de noviembre de 2021.- Por en\u00e9sima ocasi\u00f3n, integrantes del Sindicato de Trabajadores y Empleados de la Universidad Aut\u00f3noma \u201cBenito Ju\u00e1rez\u201d de Oaxaca (STEUABJO) cerraron las instalaciones de Ciudad Universitaria, para exigirle a la autoridad de la instituci\u00f3n que restablezca las negociaciones con la dirigencia leg\u00edtima de la gremial.&nbsp;<\/p>\n\n\n\n<p>De acuerdo con Ariel Luj\u00e1n P\u00e9rez, quien asegura que sigue siendo dirigente y representante legal electo en asamblea, la autoridad de la universidad encabezada le ha apostado a la conveniencia de grupos d\u00e1ndole cabida a una representatividad espuria e ilegal.\u00a0<\/p>\n\n\n\n<p>Por lo anterior le exigi\u00f3 retomar las negociaciones pendientes con el grupo que \u00e9l encabeza y que ha sido reconocido incluso por la Junta Local de Conciliaci\u00f3n y Arbitraje en un reciente oficio, aunque reconoci\u00f3 no existe resoluci\u00f3n final en torno a la pugna de dirigentes.<\/p>\n\n\n\n<p>En conferencia de prensa, demand\u00f3 al ex rector Eduardo Mart\u00ednez Helmes y al magistrado Manuel Velasco Alc\u00e1ntara, que saquen las manos de la gremial y permitan que los conflictos internos sean resueltos por las y los agremiados a quienes poco les importa el relevo de autoridad universitaria, toda vez que entablar\u00e1n di\u00e1logo con cualquiera que llegue.&nbsp;<\/p>\n\n\n\n<p>\u201cExigimos que, en el conflicto interno por la dirigencia, no haya favoritismo de funcionarios como el magistrado Manuel Velasco Alc\u00e1ntara\u201d, indic\u00f3.&nbsp;<\/p>\n\n\n\n<p>En torno a las recientes manifestaciones por el descuento de los impuestos del Programa de Calidad y Eficiencia, detall\u00f3 que los recursos para el pago se consiguen dentro de una revisi\u00f3n y por lo tanto son prestaciones ajenas a imputaciones acumulables de car\u00e1cter fiscal, prueba de ello es que desde el primer a\u00f1o de su existencia no amerit\u00f3 ning\u00fan tipo de retenci\u00f3n.<\/p>\n\n\n\n<p>Finalmente, denunci\u00f3 que previ\u00f3 a su movilizaci\u00f3n se registraron al menos tres detonaciones de arma de fuego efectuadas por grupos porriles con la intenci\u00f3n de ahuyentar y amedrentar al grupo manifestante, acci\u00f3n que dijo fue pagada por el grupo contrario.&nbsp;&nbsp;&nbsp;<\/p>\n\n\n\n<p>\u201cLos disparos nos no amedrentan. Aqu\u00ed estamos\u201d, sentenci\u00f3. A la par que responsabiliz\u00f3 de su integridad f\u00edsica y la de sus compa\u00f1eros del Comit\u00e9 Ejecutivo al exrector Eduardo Mart\u00ednez Helmes.<\/p>\n\n\n\n<p>Mientras que, desde la semana pasada, el grupo liderado por Julio Mora ha tomado las instalaciones de Ciudad Universitaria para dar a conocer que les fue aplicado el descuento y exigir que le sea condonado.<\/p>\n","protected":false},"excerpt":{"rendered":"<p>Evlin Arag\u00f3n\/Zona Roja. Oaxaca de Ju\u00e1rez, Oax., 10 de noviembre de 2021.- Por en\u00e9sima ocasi\u00f3n,&hellip;<\/p>\n","protected":false},"author":2,"featured_media":34151,"comment_status":"closed","ping_status":"open","sticky":false,"template":"","format":"standard","meta":{"_lmt_disableupdate":"","_lmt_disable":"","_jetpack_memberships_contains_paid_content":false,"footnotes":""},"categories":[109,47],"tags":[1286],"class_list":["post-34150","post","type-post","status-publish","format-standard","has-post-thumbnail","hentry","category-minuto-a-minuto","category-zona-gris","tag-sindicato-de-trabajadores-y-empleados-de-la-uabjo-steuabjo"],"jetpack_featured_media_url":"https:\/\/zonaroja.com.mx\/wp-content\/uploads\/2021\/11\/Conferencia-STEUABJO-Ariel-Lujan.jpg","jetpack_sharing_enabled":true,"_links":{"self":[{"href":"https:\/\/zonaroja.com.mx\/index.php?rest_route=\/wp\/v2\/posts\/34150","targetHints":{"allow":["GET"]}}],"collection":[{"href":"https:\/\/zonaroja.com.mx\/index.php?rest_route=\/wp\/v2\/posts"}],"about":[{"href":"https:\/\/zonaroja.com.mx\/index.php?rest_route=\/wp\/v2\/types\/post"}],"author":[{"embeddable":true,"href":"https:\/\/zonaroja.com.mx\/index.php?rest_route=\/wp\/v2\/users\/2"}],"replies":[{"embeddable":true,"href":"https:\/\/zonaroja.com.mx\/index.php?rest_route=%2Fwp%2Fv2%2Fcomments&post=34150"}],"version-history":[{"count":1,"href":"https:\/\/zonaroja.com.mx\/index.php?rest_route=\/wp\/v2\/posts\/34150\/revisions"}],"predecessor-version":[{"id":34152,"href":"https:\/\/zonaroja.com.mx\/index.php?rest_route=\/wp\/v2\/posts\/34150\/revisions\/34152"}],"wp:featuredmedia":[{"embeddable":true,"href":"https:\/\/zonaroja.com.mx\/index.php?rest_route=\/wp\/v2\/media\/34151"}],"wp:attachment":[{"href":"https:\/\/zonaroja.com.mx\/index.php?rest_route=%2Fwp%2Fv2%2Fmedia&parent=34150"}],"wp:term":[{"taxonomy":"category","embeddable":true,"href":"https:\/\/zonaroja.com.mx\/index.php?rest_route=%2Fwp%2Fv2%2Fcategories&post=34150"},{"taxonomy":"post_tag","embeddable":true,"href":"https:\/\/zonaroja.com.mx\/index.php?rest_route=%2Fwp%2Fv2%2Ftags&post=34150"}],"curies":[{"name":"wp","href":"https:\/\/api.w.org\/{rel}","templated":true}]}}