{"id":34153,"date":"2021-11-10T22:20:42","date_gmt":"2021-11-11T04:20:42","guid":{"rendered":"http:\/\/www.zonaroja.com.mx\/?p=34153"},"modified":"2021-11-11T08:28:15","modified_gmt":"2021-11-11T14:28:15","slug":"hallan-encajuelado-en-coche-abandonado-en-pochutla-oaxaca","status":"publish","type":"post","link":"https:\/\/zonaroja.com.mx\/?p=34153","title":{"rendered":"Hallan encajuelado en coche abandonado, en Pochutla, Oaxaca"},"content":{"rendered":"\n<p>Redacci\u00f3n\/Zona Roja. Foto: Ra\u00fal Laguna<\/p>\n\n\n\n<p>Oaxaca de Ju\u00e1rez, Oax., 10 de noviembre de 2021.- El cuerpo de una persona, presuntamente con huellas de violencia, fue hallado este mi\u00e9rcoles en la cajuela de una unidad de motor, a un costado de la carretera federal 175, en jurisdicci\u00f3n de San Pedro Pochutla, Oaxaca.<\/p>\n\n\n\n<p>Elementos de la polic\u00eda municipal recorr\u00edan la zona cuando se percataron del veh\u00edculo abandonado, tipo Sentra, marca Nissan, de color negro y con placas de circulaci\u00f3n TMA-5664, a la altura de la comunidad de San Rafael Toltepec.<\/p>\n\n\n\n<p>Al revisar, hallaron el cuerpo de una persona, hasta el momento desconocida, por lo cual dieron aviso a la Vicefiscal\u00eda Regional de la Costa, que inici\u00f3 las indagatorias correspondientes.<\/p>\n\n\n\n<p>MUERTO EN CUENCA<\/p>\n\n\n\n<p>Por otra parte, un enfrentamiento entre presuntos delincuentes y elementos de la Fuerza Civil del estado de Veracruz, dej\u00f3 como saldo preliminar hoy una persona fallecida y dos lesionadas, as\u00ed como al menos cinco detenidos.<\/p>\n\n\n\n<p>El suceso se registr\u00f3 en zona en los l\u00edmites de Cosolapa con Tezonapa, luego que los probables integrantes de un grupo armado intentaron robar un cami\u00f3n con mercanc\u00eda; la v\u00edctima a\u00fan no ha sido identificada.<\/p>\n\n\n\n<p>BALAZOS EN ETLA<\/p>\n\n\n\n<p>Por otra parte, esta tarde se registraron detonaciones de arma de fuego sobre la carretera federal 190, Oaxaca-M\u00e9xico, en jurisdicci\u00f3n de la Villa de Etla, sin que reportaran personas lesionadas y solamente algunos veh\u00edculos da\u00f1ados.<\/p>\n\n\n\n<p>El enfrentamiento fue protagonizado por dos organizaciones de transportistas, la Confederaci\u00f3n Aut\u00f3noma de Trabajadores y Empleados de M\u00e9xico (CATEM) y la Confederaci\u00f3n de Trabajadores de M\u00e9xico (CTM).<\/p>\n\n\n\n<p>Tras los hechos bloquearon de manera moment\u00e1nea el tr\u00e1nsito vehicular; en la zona, personal de la Fiscal\u00eda General del Estado hall\u00f3 varios cartuchos percutidos.<\/p>\n","protected":false},"excerpt":{"rendered":"<p>Redacci\u00f3n\/Zona Roja. Foto: Ra\u00fal Laguna Oaxaca de Ju\u00e1rez, Oax., 10 de noviembre de 2021.- El&hellip;<\/p>\n","protected":false},"author":2,"featured_media":34154,"comment_status":"closed","ping_status":"open","sticky":false,"template":"","format":"standard","meta":{"_lmt_disableupdate":"","_lmt_disable":"","_jetpack_memberships_contains_paid_content":false,"footnotes":""},"categories":[109,51],"tags":[151],"class_list":["post-34153","post","type-post","status-publish","format-standard","has-post-thumbnail","hentry","category-minuto-a-minuto","category-zona-roja","tag-san-pedro-pochutla"],"jetpack_featured_media_url":"https:\/\/zonaroja.com.mx\/wp-content\/uploads\/2021\/11\/Ejecutado-Toltepec-Pochutla-ok.jpg","jetpack_sharing_enabled":true,"_links":{"self":[{"href":"https:\/\/zonaroja.com.mx\/index.php?rest_route=\/wp\/v2\/posts\/34153","targetHints":{"allow":["GET"]}}],"collection":[{"href":"https:\/\/zonaroja.com.mx\/index.php?rest_route=\/wp\/v2\/posts"}],"about":[{"href":"https:\/\/zonaroja.com.mx\/index.php?rest_route=\/wp\/v2\/types\/post"}],"author":[{"embeddable":true,"href":"https:\/\/zonaroja.com.mx\/index.php?rest_route=\/wp\/v2\/users\/2"}],"replies":[{"embeddable":true,"href":"https:\/\/zonaroja.com.mx\/index.php?rest_route=%2Fwp%2Fv2%2Fcomments&post=34153"}],"version-history":[{"count":2,"href":"https:\/\/zonaroja.com.mx\/index.php?rest_route=\/wp\/v2\/posts\/34153\/revisions"}],"predecessor-version":[{"id":34173,"href":"https:\/\/zonaroja.com.mx\/index.php?rest_route=\/wp\/v2\/posts\/34153\/revisions\/34173"}],"wp:featuredmedia":[{"embeddable":true,"href":"https:\/\/zonaroja.com.mx\/index.php?rest_route=\/wp\/v2\/media\/34154"}],"wp:attachment":[{"href":"https:\/\/zonaroja.com.mx\/index.php?rest_route=%2Fwp%2Fv2%2Fmedia&parent=34153"}],"wp:term":[{"taxonomy":"category","embeddable":true,"href":"https:\/\/zonaroja.com.mx\/index.php?rest_route=%2Fwp%2Fv2%2Fcategories&post=34153"},{"taxonomy":"post_tag","embeddable":true,"href":"https:\/\/zonaroja.com.mx\/index.php?rest_route=%2Fwp%2Fv2%2Ftags&post=34153"}],"curies":[{"name":"wp","href":"https:\/\/api.w.org\/{rel}","templated":true}]}}