{"id":34156,"date":"2021-11-10T22:30:22","date_gmt":"2021-11-11T04:30:22","guid":{"rendered":"http:\/\/www.zonaroja.com.mx\/?p=34156"},"modified":"2021-11-10T22:30:27","modified_gmt":"2021-11-11T04:30:27","slug":"aumentan-ocupacion-hospitalaria-y-nosocomios-llenos-de-pacientes-covid","status":"publish","type":"post","link":"https:\/\/zonaroja.com.mx\/?p=34156","title":{"rendered":"Aumentan ocupaci\u00f3n hospitalaria y nosocomios llenos de pacientes Covid"},"content":{"rendered":"\n<p>Redacci\u00f3n\/Zona Roja.<\/p>\n\n\n\n<p>Oaxaca de Ju\u00e1rez, Oax., 10 de noviembre de 2021.- La dependencia Servicios de Salud de Oaxaca report\u00f3 que, en las \u00faltimas 24 horas, se registraron tres muertes m\u00e1s por Covid-19, de las cuales, dos corresponden a Valles Centrales y una a la Mixteca. Asimismo, 116 casos positivos a la enfermedad.<\/p>\n\n\n\n<p>En un comunicado de prensa, detall\u00f3 que si bien el padecimiento en su fase activa ha presentado una reducci\u00f3n, no se debe bajar la guardia, ya que a\u00fan se tienen notificados 261 personas que enfermaron en los \u00faltimos 14 d\u00edas, residentes de 64 municipios.<\/p>\n\n\n\n<p>Del total, 156 pertenecen a Valles Centrales, 35 a la Mixteca, 31 al Istmo, 17 a la Costa, 16 a Tuxtepec y seis a la Sierra.<\/p>\n\n\n\n<p>Agreg\u00f3 que este mi\u00e9rcoles tambi\u00e9n se identificaron 39 municipios con la presencia de 116 nuevos contagios, siendo los de mayor n\u00famero: Oaxaca de Ju\u00e1rez con 29, Santa Cruz Xoxocotl\u00e1n con 13, Mat\u00edas Romero Avenda\u00f1o con ocho, San Juan Bautista Cuicatl\u00e1n con seis y Heroica Ciudad de Huajuapan de Le\u00f3n, as\u00ed como Miahuatl\u00e1n de Porfirio D\u00edaz con cinco cada uno, el resto cuatro tres, dos y un caso.<\/p>\n\n\n\n<figure class=\"wp-block-embed is-type-rich is-provider-twitter wp-block-embed-twitter\"><div class=\"wp-block-embed__wrapper\">\n<div class=\"twitter-tweet\"><blockquote class=\"twitter-tweet\" data-lang=\"es\"><p lang=\"es\" dir=\"ltr\"><a href=\"https:\/\/twitter.com\/hashtag\/%C3%9AltimoMinuto?src=hash&amp;ref_src=twsrc%5Etfw\">#\u00daltimoMinuto<\/a><br>Registra <a href=\"https:\/\/twitter.com\/hashtag\/Oaxaca?src=hash&amp;ref_src=twsrc%5Etfw\">#Oaxaca<\/a> este mi\u00e9rcoles 116 casos positivos a Covid y 3 decesos, reportan los <a href=\"https:\/\/twitter.com\/SSO_GobOax?ref_src=twsrc%5Etfw\">@SSO_GobOax<\/a>.<br>Los n\u00fameros totales a la fecha:82 mil 164 casos confirmados y 5 mil 510 decesos.<br>Adem\u00e1s,sube a 7 los nosocomios saturados y la ocupaci\u00f3n hospitalaria es de 30% global. <a href=\"https:\/\/t.co\/sCrRgUxczk\">pic.twitter.com\/sCrRgUxczk<\/a><\/p>&mdash; Zona Roja Oaxaca (@Zona_Roja_Oax) <a href=\"https:\/\/twitter.com\/Zona_Roja_Oax\/status\/1458623535186944002?ref_src=twsrc%5Etfw\">11 de noviembre de 2021<\/a><\/blockquote><\/div>\n<\/div><\/figure>\n\n\n\n<p>En relaci\u00f3n al panorama Jurisdiccional, Valles Centrales registra 49 mil 948 casos confirmados y dos mil 450 defunciones; Istmo 11 mil 704 confirmados y mil 189 defunciones; Tuxtepec cinco mil 491 confirmados y 551 defunciones; Costa cinco mil 788 confirmados y 464 defunciones; Mixteca seis mil 352 confirmados y 564 defunciones, Sierra dos mil 881 confirmados y 292 defunciones.<\/p>\n\n\n\n<p>En tanto, la ocupaci\u00f3n hospitalaria subi\u00f3 un punto porcentual respecto a lo reportado ayer, para ubicarse en 30%, con siete hospitales al 100% de su capacidad, as\u00ed como un total de 124 hospitalizados, 10 ingresados este d\u00eda.<\/p>\n\n\n\n<p>Por Jurisdicci\u00f3n Sanitaria, Tuxtepec cuantific\u00f3 50%, el Istmo 39.3%, seguido de la Costa con 28.6% e igual porcentaje para la Mixteca, mientras que Valles Centrales con 25.2% y la Sierra contin\u00faa en 0%. De las 413 camas destinadas para la atenci\u00f3n de personas con esta patolog\u00eda, 289 est\u00e1n disponibles.<\/p>\n\n\n\n<p>La dependencia pidi\u00f3 estar alerta ante la presencia de s\u00edntomas como fiebre que no cede, dificultad respiratoria, diarrea y dolor en general, as\u00ed como acudir a valoraci\u00f3n m\u00e9dica inmediata para evitar complicaciones.<\/p>\n","protected":false},"excerpt":{"rendered":"<p>Redacci\u00f3n\/Zona Roja. Oaxaca de Ju\u00e1rez, Oax., 10 de noviembre de 2021.- La dependencia Servicios de&hellip;<\/p>\n","protected":false},"author":2,"featured_media":34157,"comment_status":"closed","ping_status":"open","sticky":false,"template":"","format":"standard","meta":{"_lmt_disableupdate":"","_lmt_disable":"","_jetpack_memberships_contains_paid_content":false,"footnotes":""},"categories":[109,47],"tags":[1512],"class_list":["post-34156","post","type-post","status-publish","format-standard","has-post-thumbnail","hentry","category-minuto-a-minuto","category-zona-gris","tag-coronavirus-oaxaca"],"jetpack_featured_media_url":"https:\/\/zonaroja.com.mx\/wp-content\/uploads\/2021\/11\/10-de-noviembre-de-2021.-Comunicado-Te\u0301cnico-COVID-19.jpg","jetpack_sharing_enabled":true,"_links":{"self":[{"href":"https:\/\/zonaroja.com.mx\/index.php?rest_route=\/wp\/v2\/posts\/34156","targetHints":{"allow":["GET"]}}],"collection":[{"href":"https:\/\/zonaroja.com.mx\/index.php?rest_route=\/wp\/v2\/posts"}],"about":[{"href":"https:\/\/zonaroja.com.mx\/index.php?rest_route=\/wp\/v2\/types\/post"}],"author":[{"embeddable":true,"href":"https:\/\/zonaroja.com.mx\/index.php?rest_route=\/wp\/v2\/users\/2"}],"replies":[{"embeddable":true,"href":"https:\/\/zonaroja.com.mx\/index.php?rest_route=%2Fwp%2Fv2%2Fcomments&post=34156"}],"version-history":[{"count":1,"href":"https:\/\/zonaroja.com.mx\/index.php?rest_route=\/wp\/v2\/posts\/34156\/revisions"}],"predecessor-version":[{"id":34158,"href":"https:\/\/zonaroja.com.mx\/index.php?rest_route=\/wp\/v2\/posts\/34156\/revisions\/34158"}],"wp:featuredmedia":[{"embeddable":true,"href":"https:\/\/zonaroja.com.mx\/index.php?rest_route=\/wp\/v2\/media\/34157"}],"wp:attachment":[{"href":"https:\/\/zonaroja.com.mx\/index.php?rest_route=%2Fwp%2Fv2%2Fmedia&parent=34156"}],"wp:term":[{"taxonomy":"category","embeddable":true,"href":"https:\/\/zonaroja.com.mx\/index.php?rest_route=%2Fwp%2Fv2%2Fcategories&post=34156"},{"taxonomy":"post_tag","embeddable":true,"href":"https:\/\/zonaroja.com.mx\/index.php?rest_route=%2Fwp%2Fv2%2Ftags&post=34156"}],"curies":[{"name":"wp","href":"https:\/\/api.w.org\/{rel}","templated":true}]}}