{"id":3416,"date":"2019-08-26T16:48:00","date_gmt":"2019-08-26T21:48:00","guid":{"rendered":"http:\/\/www.zonaroja.com.mx\/?p=3416"},"modified":"2019-08-26T16:48:03","modified_gmt":"2019-08-26T21:48:03","slug":"desplome-de-helicoptero-en-tuxtepec-deja-cuatro-personas-lesionadas","status":"publish","type":"post","link":"https:\/\/zonaroja.com.mx\/?p=3416","title":{"rendered":"Desplome de helic\u00f3ptero en Tuxtepec deja cuatro personas lesionadas"},"content":{"rendered":"\n<p>Redacci\u00f3n\/Zona\nRoja.<\/p>\n\n\n\n<p>Oaxaca de\nJu\u00e1rez, Oax., 26 de agosto de 2019.- El desplome de un helic\u00f3ptero en la regi\u00f3n\nde la Cuenca del Papaloapan dej\u00f3 como saldo cuatro personas lesionadas, entre\nellas tres mujeres, confirm\u00f3 la Coordinaci\u00f3n Estatal de Protecci\u00f3n Civil.<\/p>\n\n\n\n<p>El reporte del percance se recibi\u00f3 a las 12:50 horas de este lunes por parte de un particular, que inform\u00f3 de la ca\u00edda de la aeronave a seis kil\u00f3metros de la cabecera municipal de San Juan Bautista Tuxtepec.<\/p>\n\n\n\n<figure class=\"wp-block-image\"><img decoding=\"async\" width=\"1024\" height=\"498\" src=\"http:\/\/www.zonaroja.com.mx\/wp-content\/uploads\/2019\/08\/CEPCO-Protocolo-helic\u00f3ptero-2-1024x498.jpg\" alt=\"\" class=\"wp-image-3417\" srcset=\"https:\/\/zonaroja.com.mx\/wp-content\/uploads\/2019\/08\/CEPCO-Protocolo-helic\u00f3ptero-2-1024x498.jpg 1024w, https:\/\/zonaroja.com.mx\/wp-content\/uploads\/2019\/08\/CEPCO-Protocolo-helic\u00f3ptero-2-300x146.jpg 300w, https:\/\/zonaroja.com.mx\/wp-content\/uploads\/2019\/08\/CEPCO-Protocolo-helic\u00f3ptero-2-768x373.jpg 768w, https:\/\/zonaroja.com.mx\/wp-content\/uploads\/2019\/08\/CEPCO-Protocolo-helic\u00f3ptero-2-1170x569.jpg 1170w, https:\/\/zonaroja.com.mx\/wp-content\/uploads\/2019\/08\/CEPCO-Protocolo-helic\u00f3ptero-2-585x284.jpg 585w, https:\/\/zonaroja.com.mx\/wp-content\/uploads\/2019\/08\/CEPCO-Protocolo-helic\u00f3ptero-2.jpg 1280w\" sizes=\"(max-width: 1024px) 100vw, 1024px\" \/><\/figure>\n\n\n\n<p>El organismo\nestatal inform\u00f3 que de inmediato se activ\u00f3 el protocolo a trav\u00e9s del cual se\nlocaliz\u00f3 al helic\u00f3ptero Robinson Raven R-44, matr\u00edcula particular XXB-GIL,\naccidentado en los terrenos de platanares de la finca \u201cNuevo Mundo\u201d, propiedad\ndel se\u00f1or Humberto P.<\/p>\n\n\n\n<p>Inform\u00f3 que param\u00e9dicos\nde la Cruz Roja Mexicana atendieron a tres mujeres, Alicia T. M., Mar\u00eda Alicia\nT.B. y Araceli N., as\u00ed como al piloto Jos\u00e9 \u00c1ngel Cabrera, quienes fueron\ntrasladados a un hospital para su atenci\u00f3n m\u00e9dica.<\/p>\n\n\n\n<p>Indic\u00f3 que la\naeronave sali\u00f3 del hotel Bell Wester ubicado en la avenida Francisco I. Madero\na las 11:45 horas y se dirig\u00eda a la ciudad de Veracruz, donde una de las\nmujeres acudir\u00eda a una cita m\u00e9dica.<\/p>\n\n\n\n<p>A la zona se desplazaron inspectores verificadores aeron\u00e1uticos para determinar las causas del accidente.<\/p>\n\n\n\n<figure class=\"wp-block-image\"><img decoding=\"async\" src=\"http:\/\/www.zonaroja.com.mx\/wp-content\/uploads\/2019\/08\/CEPCO-Protocolo-helic\u00f3ptero-3-1024x498.jpg\" alt=\"\" class=\"wp-image-3418\" \/><\/figure>\n","protected":false},"excerpt":{"rendered":"<p>Redacci\u00f3n\/Zona Roja. Oaxaca de Ju\u00e1rez, Oax., 26 de agosto de 2019.- El desplome de un&hellip;<\/p>\n","protected":false},"author":2,"featured_media":3419,"comment_status":"closed","ping_status":"open","sticky":false,"template":"","format":"standard","meta":{"_lmt_disableupdate":"","_lmt_disable":"","_jetpack_memberships_contains_paid_content":false,"footnotes":""},"categories":[109,47],"tags":[623],"class_list":["post-3416","post","type-post","status-publish","format-standard","has-post-thumbnail","hentry","category-minuto-a-minuto","category-zona-gris","tag-desplome-helicoptero-tuxtepec"],"jetpack_featured_media_url":"https:\/\/zonaroja.com.mx\/wp-content\/uploads\/2019\/08\/CEPCO-Protocolo-helic\u00f3ptero-1.jpg","jetpack_sharing_enabled":true,"_links":{"self":[{"href":"https:\/\/zonaroja.com.mx\/index.php?rest_route=\/wp\/v2\/posts\/3416","targetHints":{"allow":["GET"]}}],"collection":[{"href":"https:\/\/zonaroja.com.mx\/index.php?rest_route=\/wp\/v2\/posts"}],"about":[{"href":"https:\/\/zonaroja.com.mx\/index.php?rest_route=\/wp\/v2\/types\/post"}],"author":[{"embeddable":true,"href":"https:\/\/zonaroja.com.mx\/index.php?rest_route=\/wp\/v2\/users\/2"}],"replies":[{"embeddable":true,"href":"https:\/\/zonaroja.com.mx\/index.php?rest_route=%2Fwp%2Fv2%2Fcomments&post=3416"}],"version-history":[{"count":1,"href":"https:\/\/zonaroja.com.mx\/index.php?rest_route=\/wp\/v2\/posts\/3416\/revisions"}],"predecessor-version":[{"id":3420,"href":"https:\/\/zonaroja.com.mx\/index.php?rest_route=\/wp\/v2\/posts\/3416\/revisions\/3420"}],"wp:featuredmedia":[{"embeddable":true,"href":"https:\/\/zonaroja.com.mx\/index.php?rest_route=\/wp\/v2\/media\/3419"}],"wp:attachment":[{"href":"https:\/\/zonaroja.com.mx\/index.php?rest_route=%2Fwp%2Fv2%2Fmedia&parent=3416"}],"wp:term":[{"taxonomy":"category","embeddable":true,"href":"https:\/\/zonaroja.com.mx\/index.php?rest_route=%2Fwp%2Fv2%2Fcategories&post=3416"},{"taxonomy":"post_tag","embeddable":true,"href":"https:\/\/zonaroja.com.mx\/index.php?rest_route=%2Fwp%2Fv2%2Ftags&post=3416"}],"curies":[{"name":"wp","href":"https:\/\/api.w.org\/{rel}","templated":true}]}}