{"id":34162,"date":"2021-11-11T08:08:45","date_gmt":"2021-11-11T14:08:45","guid":{"rendered":"http:\/\/www.zonaroja.com.mx\/?p=34162"},"modified":"2021-11-11T08:09:03","modified_gmt":"2021-11-11T14:09:03","slug":"cursan-15-reclusos-de-oaxaca-una-licenciatura-en-modalidad-a-distancia","status":"publish","type":"post","link":"https:\/\/zonaroja.com.mx\/?p=34162","title":{"rendered":"Cursan 15 reclusos de Oaxaca una licenciatura en modalidad a distancia"},"content":{"rendered":"\n<p>Redacci\u00f3n\/Zona Roja.<\/p>\n\n\n\n<p>Oaxaca de Ju\u00e1rez, Oax., 11 de noviembre de 2021.- La Secretar\u00eda de Seguridad P\u00fablica de Oaxaca (SSPO), inform\u00f3 que brinda un fuerte impulso a la educaci\u00f3n, como uno de los ejes rectores para una efectiva reinserci\u00f3n social de las Personas Privadas de Libertad (PPL).<\/p>\n\n\n\n<p>Es por ello, que con como parte de la estrategia integral en el Sistema Penitenciario Estatal, buscan que las y los internos adquieran un grado acad\u00e9mico y tengan un mayor n\u00famero de oportunidades para incorporarse a la sociedad.<\/p>\n\n\n\n<p>As\u00ed, con apoyo de la Subsecretar\u00eda de Prevenci\u00f3n y Reinserci\u00f3n Social, en coordinaci\u00f3n con la Direcci\u00f3n General de Administraci\u00f3n Escolar de la Universidad Nacional Aut\u00f3noma de M\u00e9xico (UNAM), 15 personas reclusas cursan en la modalidad a distancia su licenciatura en Derecho, Pedagog\u00eda, Trabajo Social, Psicolog\u00eda, Contadur\u00eda y Arquitectura.<\/p>\n\n\n\n<p>Asimismo, uno de ellos present\u00f3, este mi\u00e9rcoles 10 de noviembre, su examen de admisi\u00f3n, en el hotel Misi\u00f3n de los \u00c1ngeles de la capital, para integrarse a estudiar su carrera en Derecho.<\/p>\n\n\n\n<p>La dependencia que encabeza Heliodoro D\u00edaz Esc\u00e1rraga inform\u00f3 que actualmente 600 internos se encuentran cursando la primaria, secundaria, bachillerato y licenciatura con el apoyo del Instituto Estatal de Educaci\u00f3n para Adultos, el Colegio de Bachilleres del Estado de Oaxaca, el Centro de Educaci\u00f3n B\u00e1sica para Adultos y Extraescolar, entre otros.<\/p>\n\n\n\n<p>Para la SSPO, la educaci\u00f3n se ha convertido en un pilar fundamental del Modelo Integral de Reinserci\u00f3n Social, permitiendo el desarrollo de las capacidades cognitivas y sociales de la poblaci\u00f3n penitenciaria en el estado, remarc\u00f3.<\/p>\n","protected":false},"excerpt":{"rendered":"<p>Redacci\u00f3n\/Zona Roja. Oaxaca de Ju\u00e1rez, Oax., 11 de noviembre de 2021.- La Secretar\u00eda de Seguridad&hellip;<\/p>\n","protected":false},"author":2,"featured_media":34163,"comment_status":"closed","ping_status":"open","sticky":false,"template":"","format":"standard","meta":{"_lmt_disableupdate":"","_lmt_disable":"","_jetpack_memberships_contains_paid_content":false,"footnotes":""},"categories":[109,46],"tags":[1421],"class_list":["post-34162","post","type-post","status-publish","format-standard","has-post-thumbnail","hentry","category-minuto-a-minuto","category-zona-blanca","tag-secretaria-de-seguridad-publica-de-oaxaca-sspo"],"jetpack_featured_media_url":"https:\/\/zonaroja.com.mx\/wp-content\/uploads\/2021\/11\/Capacitacion-personas-privadas-de-la-libertad.jpg","jetpack_sharing_enabled":true,"_links":{"self":[{"href":"https:\/\/zonaroja.com.mx\/index.php?rest_route=\/wp\/v2\/posts\/34162","targetHints":{"allow":["GET"]}}],"collection":[{"href":"https:\/\/zonaroja.com.mx\/index.php?rest_route=\/wp\/v2\/posts"}],"about":[{"href":"https:\/\/zonaroja.com.mx\/index.php?rest_route=\/wp\/v2\/types\/post"}],"author":[{"embeddable":true,"href":"https:\/\/zonaroja.com.mx\/index.php?rest_route=\/wp\/v2\/users\/2"}],"replies":[{"embeddable":true,"href":"https:\/\/zonaroja.com.mx\/index.php?rest_route=%2Fwp%2Fv2%2Fcomments&post=34162"}],"version-history":[{"count":1,"href":"https:\/\/zonaroja.com.mx\/index.php?rest_route=\/wp\/v2\/posts\/34162\/revisions"}],"predecessor-version":[{"id":34164,"href":"https:\/\/zonaroja.com.mx\/index.php?rest_route=\/wp\/v2\/posts\/34162\/revisions\/34164"}],"wp:featuredmedia":[{"embeddable":true,"href":"https:\/\/zonaroja.com.mx\/index.php?rest_route=\/wp\/v2\/media\/34163"}],"wp:attachment":[{"href":"https:\/\/zonaroja.com.mx\/index.php?rest_route=%2Fwp%2Fv2%2Fmedia&parent=34162"}],"wp:term":[{"taxonomy":"category","embeddable":true,"href":"https:\/\/zonaroja.com.mx\/index.php?rest_route=%2Fwp%2Fv2%2Fcategories&post=34162"},{"taxonomy":"post_tag","embeddable":true,"href":"https:\/\/zonaroja.com.mx\/index.php?rest_route=%2Fwp%2Fv2%2Ftags&post=34162"}],"curies":[{"name":"wp","href":"https:\/\/api.w.org\/{rel}","templated":true}]}}