{"id":34165,"date":"2021-11-11T08:15:30","date_gmt":"2021-11-11T14:15:30","guid":{"rendered":"http:\/\/www.zonaroja.com.mx\/?p=34165"},"modified":"2021-11-11T08:15:34","modified_gmt":"2021-11-11T14:15:34","slug":"demanda-la-ddhpo-investigar-desaparicion-de-defensora-ambiental-en-atatlahuca","status":"publish","type":"post","link":"https:\/\/zonaroja.com.mx\/?p=34165","title":{"rendered":"Demanda la DDHPO investigar desaparici\u00f3n de defensora ambiental en Atatlahuca"},"content":{"rendered":"\n<p>Redacci\u00f3n\/Zona Roja.<\/p>\n\n\n\n<p>Oaxaca de Ju\u00e1rez, Oax., 11 de noviembre de 2021.- La Defensor\u00eda de los Derechos Humanos del Pueblo de Oaxaca solicit\u00f3 la investigaci\u00f3n y b\u00fasqueda de la defensora de derechos humanos Irma Galindo Barrios, quien fue reportada como desaparecida, ya que fue vista por \u00faltima vez el 27 de octubre de 2021 en la comunidad de Mier y Ter\u00e1n, San Esteban Atatlahuca.<\/p>\n\n\n\n<p>Debido a esto, la Defensor\u00eda de los Derechos Humanos del Pueblo de Oaxaca inici\u00f3 el cuaderno de antecedentes DDHPO\/CA\/0012\/TX\/(25)\/OAX\/2021, dentro del cual solicit\u00f3 a la Fiscal\u00eda General del Estado&nbsp; que como&nbsp; medida cautelar, realice las labores de b\u00fasqueda de la ambientalista con estricto apego a lo dispuesto por el \u201cProtocolo Homologado para la B\u00fasqueda de Personas Desaparecidas y No localizadas\u201d, a fin de garantizar una investigaci\u00f3n t\u00e9cnica y eficaz.<\/p>\n\n\n\n<p>Asimismo, solicit\u00f3 que la Carpeta de Investigaci\u00f3n iniciada con motivo de la desaparici\u00f3n de la defensora de los derechos ambientales, Irma Galindo, sea integrada con exhaustividad y diligencia para garantizar el estado de derecho y el acceso a la justicia.<\/p>\n\n\n\n<p>La Defensor\u00eda pidi\u00f3 la colaboraci\u00f3n a la Secretar\u00eda de Seguridad P\u00fablica para que instruya a directivos de todos los reclusorios regionales en el estado para que indiquen si en algunos de los centros se encuentra la defensora de derechos humanos Irma Galindo Barrios, y en caso de ser afirmativo, indique el motivo de su internamiento.<\/p>\n\n\n\n<p>Adem\u00e1s, demand\u00f3 que se instruya a comandantes y personas encargadas de los diferentes destacamentos de la Polic\u00eda Estatal que informen si en alguna de las comandancias de esa corporaci\u00f3n fue privada de la libertad Irma Galindo, y en caso, de ser afirmativo, informe la fecha y hora de la detenci\u00f3n, el lugar en el que estuvo privada de la libertad, la causa de su detenci\u00f3n y como fue resuelta su situaci\u00f3n jur\u00eddica.<\/p>\n\n\n\n<p>La Defensor\u00eda de los Derechos Humanos del Pueblo de Oaxaca tambi\u00e9n pidi\u00f3 la colaboraci\u00f3n de la Secretar\u00eda de Salud de Oaxaca para que informe si en alg\u00fan nosocomio o centro de salud de la entidad admiti\u00f3 o se encuentra recibiendo atenci\u00f3n m\u00e9dica la defensora de derechos humanos Irma Galindo Barrios.<\/p>\n\n\n\n<p>La DDHPO insisti\u00f3 en que las personas defensoras de derechos humanos son esenciales, pues con su labor dan voz a grupos hist\u00f3ricamente invisibilizados, lo que provoca que se enfrenten a situaciones de riesgo debido a los intereses pol\u00edticos y econ\u00f3micos que enfrentan.<\/p>\n\n\n\n<p>La Defensor\u00eda sostuvo que es indispensable garantizar el acceso a la justicia en los casos de agresiones a personas defensoras de derechos humanos, esto implica sanci\u00f3n a los responsables, atenci\u00f3n a las v\u00edctimas directas e indirectas, garant\u00edas de no repetici\u00f3n, as\u00ed como dar a conocer la verdad de los hechos.<\/p>\n\n\n\n<p>Finalmente, la Defensor\u00eda reiter\u00f3 que las autoridades tienen la obligaci\u00f3n de establecer pol\u00edticas p\u00fablicas que permitan atender y resolver las causas de las agresiones a las personas defensoras de derechos humanos, para ello es necesario la identificaci\u00f3n de patrones de ataques y agresiones, adem\u00e1s los obst\u00e1culos que enfrentan para acceder a la justicia, as\u00ed como a las medidas de protecci\u00f3n.<\/p>\n\n\n\n<p>(Comunicado)<\/p>\n","protected":false},"excerpt":{"rendered":"<p>Redacci\u00f3n\/Zona Roja. Oaxaca de Ju\u00e1rez, Oax., 11 de noviembre de 2021.- La Defensor\u00eda de los&hellip;<\/p>\n","protected":false},"author":2,"featured_media":34166,"comment_status":"closed","ping_status":"open","sticky":false,"template":"","format":"standard","meta":{"_lmt_disableupdate":"","_lmt_disable":"","_jetpack_memberships_contains_paid_content":false,"footnotes":""},"categories":[109,47],"tags":[2948,1025],"class_list":["post-34165","post","type-post","status-publish","format-standard","has-post-thumbnail","hentry","category-minuto-a-minuto","category-zona-gris","tag-irma-galindo-barrios","tag-san-esteban-atatlahuca"],"jetpack_featured_media_url":"https:\/\/zonaroja.com.mx\/wp-content\/uploads\/2021\/11\/Irma-Galindo-Barrios.jpg","jetpack_sharing_enabled":true,"_links":{"self":[{"href":"https:\/\/zonaroja.com.mx\/index.php?rest_route=\/wp\/v2\/posts\/34165","targetHints":{"allow":["GET"]}}],"collection":[{"href":"https:\/\/zonaroja.com.mx\/index.php?rest_route=\/wp\/v2\/posts"}],"about":[{"href":"https:\/\/zonaroja.com.mx\/index.php?rest_route=\/wp\/v2\/types\/post"}],"author":[{"embeddable":true,"href":"https:\/\/zonaroja.com.mx\/index.php?rest_route=\/wp\/v2\/users\/2"}],"replies":[{"embeddable":true,"href":"https:\/\/zonaroja.com.mx\/index.php?rest_route=%2Fwp%2Fv2%2Fcomments&post=34165"}],"version-history":[{"count":1,"href":"https:\/\/zonaroja.com.mx\/index.php?rest_route=\/wp\/v2\/posts\/34165\/revisions"}],"predecessor-version":[{"id":34167,"href":"https:\/\/zonaroja.com.mx\/index.php?rest_route=\/wp\/v2\/posts\/34165\/revisions\/34167"}],"wp:featuredmedia":[{"embeddable":true,"href":"https:\/\/zonaroja.com.mx\/index.php?rest_route=\/wp\/v2\/media\/34166"}],"wp:attachment":[{"href":"https:\/\/zonaroja.com.mx\/index.php?rest_route=%2Fwp%2Fv2%2Fmedia&parent=34165"}],"wp:term":[{"taxonomy":"category","embeddable":true,"href":"https:\/\/zonaroja.com.mx\/index.php?rest_route=%2Fwp%2Fv2%2Fcategories&post=34165"},{"taxonomy":"post_tag","embeddable":true,"href":"https:\/\/zonaroja.com.mx\/index.php?rest_route=%2Fwp%2Fv2%2Ftags&post=34165"}],"curies":[{"name":"wp","href":"https:\/\/api.w.org\/{rel}","templated":true}]}}