{"id":34168,"date":"2021-11-11T08:21:32","date_gmt":"2021-11-11T14:21:32","guid":{"rendered":"http:\/\/www.zonaroja.com.mx\/?p=34168"},"modified":"2021-11-11T08:21:37","modified_gmt":"2021-11-11T14:21:37","slug":"seminario-internacional-en-oaxaca-rompe-practicas-que-atan-a-la-educacion","status":"publish","type":"post","link":"https:\/\/zonaroja.com.mx\/?p=34168","title":{"rendered":"Seminario internacional en Oaxaca, rompe pr\u00e1cticas que atan a la educaci\u00f3n"},"content":{"rendered":"\n<p>Redacci\u00f3n\/Zona Roja.<\/p>\n\n\n\n<p>Oaxaca de Ju\u00e1rez, Oax.,11 de noviembre de 2021.- Al inaugurar a nombre del gobernador Alejandro Murat Hinojosa, el Seminario Internacional \u201cLa Educaci\u00f3n en M\u00e9xico, Am\u00e9rica Latina y el Caribe\u201d, del que durante tres d\u00edas la entidad es sede y re\u00fane a 24 especialistas de 11 pa\u00edses, el director general del Instituto Estatal de Educaci\u00f3n P\u00fablica de Oaxaca (IEEPO), Francisco \u00c1ngel Villarreal afirm\u00f3 que este encuentro queda grabado en la historia de Oaxaca y rompe con pr\u00e1cticas que han atado la educaci\u00f3n no solo en la entidad, sino en otros pa\u00edses.<\/p>\n\n\n\n<p>En presencia del coordinador general de Enlace Educativo de la Secretar\u00eda de Educaci\u00f3n P\u00fablica (SEP), Hernando Peniche Montfort; el coordinador de Educaci\u00f3n Media Superior y Superior, Ciencia y Tecnolog\u00eda (CGEMSySCyT), Manuel Francisco M\u00e1rquez M\u00e9ndez; el ex ministro de Per\u00fa, Luis Mar\u00eda Santiago Solari de la Fuente y la conferencista Olga Antonieta Orellana, de Guatemala, indic\u00f3 que este Seminario permite conocer las experiencias de otros pa\u00edses para un desarrollo m\u00e1s justo y equilibrado.<\/p>\n\n\n\n<p>Luego de exponer pr\u00e1cticas que maestras y maestros han implementado en sus comunidades acorde a su realidad y contexto para continuar la atenci\u00f3n a sus estudiantes, destac\u00f3 que en Oaxaca por primera vez en 30 a\u00f1os se hayan concluido tres ciclos escolares completos, sin suspensi\u00f3n de clases. \u201cHemos encontrado el mecanismo de di\u00e1logo, de comunicaci\u00f3n y sobre todo de respeto con el magisterio\u201d, dijo, lo que le mereci\u00f3 el aplauso de los presentes.<\/p>\n\n\n\n<p>En este sentido, mencion\u00f3 la relevancia de compartir en la esfera internacional la labor de maestras y maestros oaxaque\u00f1os, cuyo papel, antes se\u00f1alado, hoy se ha revalorado y reconocido por sus esfuerzos de llevar la educaci\u00f3n a lugares donde incluso no hay servicios, por lo que consider\u00f3 que este Seminario Internacional es una oportunidad para que surjan nuevas posibilidades que venzan atavismos del pasado y se garantice un mejor futuro.<\/p>\n\n\n\n<figure class=\"wp-block-embed is-type-rich is-provider-twitter wp-block-embed-twitter\"><div class=\"wp-block-embed__wrapper\">\n<div class=\"twitter-tweet\"><blockquote class=\"twitter-tweet\" data-lang=\"es\"><p lang=\"es\" dir=\"ltr\"><a href=\"https:\/\/twitter.com\/hashtag\/%C3%9AltimoMinuto?src=hash&amp;ref_src=twsrc%5Etfw\">#\u00daltimoMinuto<\/a> <br>Al inaugurar el seminario internacional \u201cLa educaci\u00f3n en M\u00e9xico, Am\u00e9rica Latina y el Caribe\u201d, el titular del <a href=\"https:\/\/twitter.com\/IEEPOGobOax?ref_src=twsrc%5Etfw\">@IEEPOGobOax<\/a>, <a href=\"https:\/\/twitter.com\/VillarrealPaco?ref_src=twsrc%5Etfw\">@VillarrealPaco<\/a>, destac\u00f3 que maestras y maestros forman el alma y esp\u00edritu de futuras generaciones; agradeci\u00f3 la presencia de los ponentes. <a href=\"https:\/\/t.co\/0NhvTOmAxz\">pic.twitter.com\/0NhvTOmAxz<\/a><\/p>&mdash; Zona Roja Oaxaca (@Zona_Roja_Oax) <a href=\"https:\/\/twitter.com\/Zona_Roja_Oax\/status\/1458589586788134921?ref_src=twsrc%5Etfw\">11 de noviembre de 2021<\/a><\/blockquote><\/div>\n<\/div><\/figure>\n\n\n\n<p>Asimismo, al dar la bienvenida a los asistentes, el coordinador de CGEMSySCyT, Manuel Francisco M\u00e1rquez M\u00e9ndez, indic\u00f3 que es momento de cambiar el proceso educativo; de ah\u00ed que las experiencias que se presenten en este foro ser\u00e1n de gran apoyo; en tanto que el representante de la SEP, quien asisti\u00f3 con la representaci\u00f3n de la titular de esta Secretar\u00eda, Delfina G\u00f3mez \u00c1lvarez, felicit\u00f3 la iniciativa del Gobierno de Oaxaca para realizar el Seminario Internacional.<\/p>\n\n\n\n<p>En el evento, intervinieron tambi\u00e9n el ex ministro de Per\u00fa, Luis Mar\u00eda Santiago Solari de la Fuente y la conferencista Olga Antonieta Orellana, de Guatemala, quienes reconocieron la relevancia de este encuentro, principalmente para analizar la educaci\u00f3n en tiempos de pandemia, las nuevas modalidades de aprendizaje con el uso de las tecnolog\u00edas y quienes se encuentran en comunidades ind\u00edgena y rurales.<\/p>\n\n\n\n<p>Posteriormente, se realiz\u00f3 el primer panel de este Seminario Internacional, con la participaci\u00f3n de los conferencistas Miguel \u00c1ngel Ca\u00f1izales, de Panam\u00e1; Bienvenido Argueta Hern\u00e1ndez, de Guatemala y Luis Mar\u00eda Santiago Eduardo Solari de la Fuente, de Per\u00fa, moderados por el investigador del Centro de Investigaciones y Estudios Superiores en Antropolog\u00eda Social, Unidad Pac\u00edfico Sur, Salvador Sig\u00fcenza Orozco.<\/p>\n\n\n\n<p>El objetivo principal del Seminario es reunir a diferentes Ministerios de Educaci\u00f3n, intelectuales y especialistas en educaci\u00f3n con la finalidad de promover un di\u00e1logo, compartir experiencias, conocimientos y perspectivas que contribuyan a la construcci\u00f3n de un marco integral de comprensi\u00f3n del estado que hoy guarda la educaci\u00f3n y en particular la educaci\u00f3n ind\u00edgena, as\u00ed como el futuro de la educaci\u00f3n en Latinoam\u00e9rica. Las actividades concluir\u00e1n el viernes 12.<\/p>\n\n\n\n<p>Participan como ponentes reconocidos especialistas e investigadores de pa\u00edses como Chile, Panam\u00e1, Guatemala, Colombia, Ecuador, Cuba, Ecuador, Per\u00fa, Bolivia, El Salvador y M\u00e9xico cuyas conferencias pueden seguirse a trav\u00e9s de la p\u00e1gina de Facebook del IEEPO, https:\/\/www.facebook.com\/IEEPOGobOax\/.<\/p>\n","protected":false},"excerpt":{"rendered":"<p>Redacci\u00f3n\/Zona Roja. Oaxaca de Ju\u00e1rez, Oax.,11 de noviembre de 2021.- Al inaugurar a nombre del&hellip;<\/p>\n","protected":false},"author":2,"featured_media":34169,"comment_status":"closed","ping_status":"open","sticky":false,"template":"","format":"standard","meta":{"_lmt_disableupdate":"","_lmt_disable":"","_jetpack_memberships_contains_paid_content":false,"footnotes":""},"categories":[109,46],"tags":[2837],"class_list":["post-34168","post","type-post","status-publish","format-standard","has-post-thumbnail","hentry","category-minuto-a-minuto","category-zona-blanca","tag-instituto-estatal-de-educacion-publica-de-oaxaca-ieepo"],"jetpack_featured_media_url":"https:\/\/zonaroja.com.mx\/wp-content\/uploads\/2021\/11\/02-IEEPO-1-2.jpg","jetpack_sharing_enabled":true,"_links":{"self":[{"href":"https:\/\/zonaroja.com.mx\/index.php?rest_route=\/wp\/v2\/posts\/34168","targetHints":{"allow":["GET"]}}],"collection":[{"href":"https:\/\/zonaroja.com.mx\/index.php?rest_route=\/wp\/v2\/posts"}],"about":[{"href":"https:\/\/zonaroja.com.mx\/index.php?rest_route=\/wp\/v2\/types\/post"}],"author":[{"embeddable":true,"href":"https:\/\/zonaroja.com.mx\/index.php?rest_route=\/wp\/v2\/users\/2"}],"replies":[{"embeddable":true,"href":"https:\/\/zonaroja.com.mx\/index.php?rest_route=%2Fwp%2Fv2%2Fcomments&post=34168"}],"version-history":[{"count":1,"href":"https:\/\/zonaroja.com.mx\/index.php?rest_route=\/wp\/v2\/posts\/34168\/revisions"}],"predecessor-version":[{"id":34170,"href":"https:\/\/zonaroja.com.mx\/index.php?rest_route=\/wp\/v2\/posts\/34168\/revisions\/34170"}],"wp:featuredmedia":[{"embeddable":true,"href":"https:\/\/zonaroja.com.mx\/index.php?rest_route=\/wp\/v2\/media\/34169"}],"wp:attachment":[{"href":"https:\/\/zonaroja.com.mx\/index.php?rest_route=%2Fwp%2Fv2%2Fmedia&parent=34168"}],"wp:term":[{"taxonomy":"category","embeddable":true,"href":"https:\/\/zonaroja.com.mx\/index.php?rest_route=%2Fwp%2Fv2%2Fcategories&post=34168"},{"taxonomy":"post_tag","embeddable":true,"href":"https:\/\/zonaroja.com.mx\/index.php?rest_route=%2Fwp%2Fv2%2Ftags&post=34168"}],"curies":[{"name":"wp","href":"https:\/\/api.w.org\/{rel}","templated":true}]}}