{"id":34171,"date":"2021-11-11T08:26:11","date_gmt":"2021-11-11T14:26:11","guid":{"rendered":"http:\/\/www.zonaroja.com.mx\/?p=34171"},"modified":"2021-11-11T08:26:14","modified_gmt":"2021-11-11T14:26:14","slug":"hoy-mas-que-nunca-vamos-por-oaxaca-susana-harp","status":"publish","type":"post","link":"https:\/\/zonaroja.com.mx\/?p=34171","title":{"rendered":"\u201cHoy m\u00e1s que nunca, vamos por Oaxaca\u201d: Susana Harp"},"content":{"rendered":"\n<p>Redacci\u00f3n\/Zona Roja.<\/p>\n\n\n\n<p>Oaxaca de Ju\u00e1rez, Oax., 11 de noviembre de 2021. A trav\u00e9s de un video difundido en sus redes sociales, la Senadora Susana Harp Iturribarr\u00eda, anunci\u00f3 su decisi\u00f3n de inscribirse como aspirante a la candidatura de su partido Morena a la gubernatura del estado de Oaxaca.<\/p>\n\n\n\n<p>En su mensaje, indic\u00f3 que este hecho, representa la gran oportunidad de construir un Oaxaca honesto, con una administraci\u00f3n 100 por ciento transparente. \u201cHoy, m\u00e1s que nunca, vamos por Oaxaca \u201casent\u00f3.<\/p>\n\n\n\n<p>Previo a la emisi\u00f3n de este video, en entrevista, la senadora oaxaque\u00f1a, refrend\u00f3 su compromiso de trabajar por el bien com\u00fan, bajo las m\u00e1ximas de no robar, no mentir y no traicionar al pueblo.<\/p>\n\n\n\n<p>Harp Iturribarr\u00eda llam\u00f3 a la militancia y a simpatizantes del partido Morena, en la entidad, a unirse como pueblo y sumarse para lograr el desarrollo y progreso de los pueblos y comunidades ind\u00edgenas y afromexicanas.<\/p>\n\n\n\n<figure class=\"wp-block-embed is-type-rich is-provider-twitter wp-block-embed-twitter\"><div class=\"wp-block-embed__wrapper\">\n<div class=\"twitter-tweet\"><blockquote class=\"twitter-tweet\" data-lang=\"es\"><p lang=\"es\" dir=\"ltr\"><a href=\"https:\/\/twitter.com\/hashtag\/%C3%9AltimoMinuto?src=hash&amp;ref_src=twsrc%5Etfw\">#\u00daltimoMinuto<\/a> <br>\u201cQueremos un <a href=\"https:\/\/twitter.com\/hashtag\/Oaxaca?src=hash&amp;ref_src=twsrc%5Etfw\">#Oaxaca<\/a> en que se respete a las comunidades ind\u00edgenas y afromexicanas, que respete a las mujeres\u2026 tenemos la oportunidad de construir un Oaxaca honesto\u201d, dijo la senadora <a href=\"https:\/\/twitter.com\/SusanaHarp?ref_src=twsrc%5Etfw\">@SusanaHarp<\/a>, al anunciar su registro como candidata de <a href=\"https:\/\/twitter.com\/hashtag\/Morena?src=hash&amp;ref_src=twsrc%5Etfw\">#Morena<\/a> a la gubernatura. <a href=\"https:\/\/t.co\/dP4eZ1GRmb\">pic.twitter.com\/dP4eZ1GRmb<\/a><\/p>&mdash; Zona Roja Oaxaca (@Zona_Roja_Oax) <a href=\"https:\/\/twitter.com\/Zona_Roja_Oax\/status\/1458603213142253573?ref_src=twsrc%5Etfw\">11 de noviembre de 2021<\/a><\/blockquote><\/div>\n<\/div><\/figure>\n\n\n\n<p>\u201cEstoy convencida que Oaxaca hoy tiene una gran oportunidad, podemos mejorar la vida de todos los oaxaque\u00f1os y oaxaque\u00f1as, en especial de los que menos tienen; porque queremos un Oaxaca donde se respete a las comunidades ind\u00edgenas y afromexicanas\u201d, se\u00f1al\u00f3 la senadora.<\/p>\n\n\n\n<p>Luego del anuncio de la senadora Susana Harp Iturribarr\u00eda, simpatizantes y militantes de Morena, con mensajes a trav\u00e9s de redes sociales le manifestaron su apoyo a la aspirante a la gubernatura en 2022.<\/p>\n\n\n\n<p>Destacaron los resultados de su trabajo, a favor de las comunidades ind\u00edgenas y afromexicanas, y la defensa de la cultura en el estado. As\u00ed como la honestidad que la ha caracterizado en el desempe\u00f1o de cargos p\u00fablicos.<\/p>\n","protected":false},"excerpt":{"rendered":"<p>Redacci\u00f3n\/Zona Roja. Oaxaca de Ju\u00e1rez, Oax., 11 de noviembre de 2021. A trav\u00e9s de un&hellip;<\/p>\n","protected":false},"author":2,"featured_media":33121,"comment_status":"closed","ping_status":"open","sticky":false,"template":"","format":"standard","meta":{"_lmt_disableupdate":"","_lmt_disable":"","_jetpack_memberships_contains_paid_content":false,"footnotes":""},"categories":[109,46],"tags":[1685],"class_list":["post-34171","post","type-post","status-publish","format-standard","has-post-thumbnail","hentry","category-minuto-a-minuto","category-zona-blanca","tag-susana-harp-iturribarria"],"jetpack_featured_media_url":"https:\/\/zonaroja.com.mx\/wp-content\/uploads\/2021\/10\/Susana-Harp-Iturribarria.jpg","jetpack_sharing_enabled":true,"_links":{"self":[{"href":"https:\/\/zonaroja.com.mx\/index.php?rest_route=\/wp\/v2\/posts\/34171","targetHints":{"allow":["GET"]}}],"collection":[{"href":"https:\/\/zonaroja.com.mx\/index.php?rest_route=\/wp\/v2\/posts"}],"about":[{"href":"https:\/\/zonaroja.com.mx\/index.php?rest_route=\/wp\/v2\/types\/post"}],"author":[{"embeddable":true,"href":"https:\/\/zonaroja.com.mx\/index.php?rest_route=\/wp\/v2\/users\/2"}],"replies":[{"embeddable":true,"href":"https:\/\/zonaroja.com.mx\/index.php?rest_route=%2Fwp%2Fv2%2Fcomments&post=34171"}],"version-history":[{"count":1,"href":"https:\/\/zonaroja.com.mx\/index.php?rest_route=\/wp\/v2\/posts\/34171\/revisions"}],"predecessor-version":[{"id":34172,"href":"https:\/\/zonaroja.com.mx\/index.php?rest_route=\/wp\/v2\/posts\/34171\/revisions\/34172"}],"wp:featuredmedia":[{"embeddable":true,"href":"https:\/\/zonaroja.com.mx\/index.php?rest_route=\/wp\/v2\/media\/33121"}],"wp:attachment":[{"href":"https:\/\/zonaroja.com.mx\/index.php?rest_route=%2Fwp%2Fv2%2Fmedia&parent=34171"}],"wp:term":[{"taxonomy":"category","embeddable":true,"href":"https:\/\/zonaroja.com.mx\/index.php?rest_route=%2Fwp%2Fv2%2Fcategories&post=34171"},{"taxonomy":"post_tag","embeddable":true,"href":"https:\/\/zonaroja.com.mx\/index.php?rest_route=%2Fwp%2Fv2%2Ftags&post=34171"}],"curies":[{"name":"wp","href":"https:\/\/api.w.org\/{rel}","templated":true}]}}