{"id":34174,"date":"2021-11-11T08:35:45","date_gmt":"2021-11-11T14:35:45","guid":{"rendered":"http:\/\/www.zonaroja.com.mx\/?p=34174"},"modified":"2021-11-11T08:35:48","modified_gmt":"2021-11-11T14:35:48","slug":"opinion-incoherencias-del-juez-de-la-oligarquia","status":"publish","type":"post","link":"https:\/\/zonaroja.com.mx\/?p=34174","title":{"rendered":"Opini\u00f3n. Incoherencias del juez de la oligarqu\u00eda"},"content":{"rendered":"\n<p>Gibr\u00e1n Ram\u00edrez Reyes*<\/p>\n\n\n\n<p>Hace poco, Juan Pablo G\u00f3mez Fierro, cancerbero de las empresas trasnacionales de energ\u00eda en el Poder Judicial mexicano, declin\u00f3 suspender la pol\u00edtica de precios m\u00e1ximos para el gas LP que establecieron la Secretar\u00eda de Energ\u00eda y la Comisi\u00f3n Reguladora de Energ\u00eda.<\/p>\n\n\n\n<p>De inmediato empez\u00f3 una operaci\u00f3n medi\u00e1tica singular y graciosa. La prensa de protecci\u00f3n patronal y los promotores de la desregulaci\u00f3n del sector energ\u00e9tico lo utilizaron para ensalzarlo, como si su sentencia fuera una prueba de la imparcialidad del juzgador; seg\u00fan ellos, G\u00f3mez Fierro \u201cse ha convertido en estos d\u00edas en \u00eddolo del lopezobradorismo.<\/p>\n\n\n\n<p>Y todo porque rechaz\u00f3 el recurso de las gaseras en contra del tope al precio de gas impuesto por el gobierno\u201d. Se a\u00f1ade, adem\u00e1s, que \u201cno es que G\u00f3mez Fierro haya cambiado de opini\u00f3n, pues lo suyo son decisiones legales. Lo que pasa es que a los otros la ley les gusta cuando les beneficia y la aborrecen cuando los sanciona\u201d.<\/p>\n\n\n\n<p>M\u00e1s all\u00e1 de que no conozca a nadie que idolatre a Juan Pablo G\u00f3mez Fierro &#8211;fuera de las empresas energ\u00e9ticas trasnacionales y sus cabilderos, por supuesto&#8211; lo que pas\u00f3 con la sentencia que rechaz\u00f3 frenar el tope a los precios m\u00e1ximos del gas es precisamente que el juez cambi\u00f3 de opini\u00f3n.<\/p>\n\n\n\n<p>V\u00e9ase: en el documento p\u00fablico se explica que, pese a que las nuevas reglas modifican \u201cla manera en que se ven\u00edan desarrollando los mercados de gas licuado de petr\u00f3leo, pasando de un esquema de libre mercado (\u2026) a un sector regulado en el que se imponen precios m\u00e1ximos para la comercializaci\u00f3n de dicho recurso\u201d, estas no deben ser cambiadas.<\/p>\n\n\n\n<p>Es decir, se reconoce que se afectan reglas establecidas previamente, pero se explica que no puede suspenderse el acto de autoridad, pues, seg\u00fan sostiene la misma sentencia, de hacerlo se afectar\u00eda al inter\u00e9s social, cosa que no permite la Ley de Amparo, pues \u201cprivar\u00eda a la colectividad del beneficio que tendr\u00eda con la implementaci\u00f3n de una regulaci\u00f3n que tiene por objeto frenar el alza de precios de gas licuado de petr\u00f3leo, el cual constituye un insumo indispensable para la vida de las y los mexicanos\u201d.<\/p>\n\n\n\n<p>Se trata del mismo juez que protegi\u00f3 a las empresas que cometen fraude a la ley simulando sociedades de autoabasto para poder utilizar la red a precios rid\u00edculos, un subsidio que terminamos pagando millones de usuarios dom\u00e9sticos por 7 mil millones de pesos cada a\u00f1o bajo el concepto de servicios conexos no incluidos en el MEM. \u00bfQu\u00e9 la electricidad no es tan o m\u00e1s indispensable que el gas?<\/p>\n\n\n\n<p>Se trata, asimismo, del mismo juez que suspendi\u00f3 en tiempo r\u00e9cord la aplicaci\u00f3n de la nueva Ley de la Industria El\u00e9ctrica aludiendo a derechos adquiridos y condiciones de competencia por encima de derechos humanos.<\/p>\n\n\n\n<p>\u00bfPor qu\u00e9 G\u00f3mez Fierro se comporta en un caso como garantista y en otro como simple abogado del dinero? Hay varias posibilidades: puede ser que su ponencia haya cambiado de proyectistas por unos m\u00e1s competentes, que pretenda recobrar legitimidad, que los capitalistas nacionales no le importen tanto como los extranjeros o, simplemente, que esta vez no le llegaron al precio.&nbsp;<\/p>\n\n\n\n<p>*Doctor en ciencia pol\u00edtica por la UNAM.<\/p>\n","protected":false},"excerpt":{"rendered":"<p>Gibr\u00e1n Ram\u00edrez Reyes* Hace poco, Juan Pablo G\u00f3mez Fierro, cancerbero de las empresas trasnacionales de&hellip;<\/p>\n","protected":false},"author":2,"featured_media":24099,"comment_status":"closed","ping_status":"open","sticky":false,"template":"","format":"standard","meta":{"_lmt_disableupdate":"","_lmt_disable":"","_jetpack_memberships_contains_paid_content":false,"footnotes":""},"categories":[456,109],"tags":[2489],"class_list":["post-34174","post","type-post","status-publish","format-standard","has-post-thumbnail","hentry","category-columna","category-minuto-a-minuto","tag-gibran-ramirez-reyes"],"jetpack_featured_media_url":"https:\/\/zonaroja.com.mx\/wp-content\/uploads\/2021\/02\/Gibran-Ramirez-Reyes.jpg","jetpack_sharing_enabled":true,"_links":{"self":[{"href":"https:\/\/zonaroja.com.mx\/index.php?rest_route=\/wp\/v2\/posts\/34174","targetHints":{"allow":["GET"]}}],"collection":[{"href":"https:\/\/zonaroja.com.mx\/index.php?rest_route=\/wp\/v2\/posts"}],"about":[{"href":"https:\/\/zonaroja.com.mx\/index.php?rest_route=\/wp\/v2\/types\/post"}],"author":[{"embeddable":true,"href":"https:\/\/zonaroja.com.mx\/index.php?rest_route=\/wp\/v2\/users\/2"}],"replies":[{"embeddable":true,"href":"https:\/\/zonaroja.com.mx\/index.php?rest_route=%2Fwp%2Fv2%2Fcomments&post=34174"}],"version-history":[{"count":1,"href":"https:\/\/zonaroja.com.mx\/index.php?rest_route=\/wp\/v2\/posts\/34174\/revisions"}],"predecessor-version":[{"id":34175,"href":"https:\/\/zonaroja.com.mx\/index.php?rest_route=\/wp\/v2\/posts\/34174\/revisions\/34175"}],"wp:featuredmedia":[{"embeddable":true,"href":"https:\/\/zonaroja.com.mx\/index.php?rest_route=\/wp\/v2\/media\/24099"}],"wp:attachment":[{"href":"https:\/\/zonaroja.com.mx\/index.php?rest_route=%2Fwp%2Fv2%2Fmedia&parent=34174"}],"wp:term":[{"taxonomy":"category","embeddable":true,"href":"https:\/\/zonaroja.com.mx\/index.php?rest_route=%2Fwp%2Fv2%2Fcategories&post=34174"},{"taxonomy":"post_tag","embeddable":true,"href":"https:\/\/zonaroja.com.mx\/index.php?rest_route=%2Fwp%2Fv2%2Ftags&post=34174"}],"curies":[{"name":"wp","href":"https:\/\/api.w.org\/{rel}","templated":true}]}}