{"id":34176,"date":"2021-11-11T08:41:36","date_gmt":"2021-11-11T14:41:36","guid":{"rendered":"http:\/\/www.zonaroja.com.mx\/?p=34176"},"modified":"2021-11-11T08:41:39","modified_gmt":"2021-11-11T14:41:39","slug":"lleva-seis-dias-retenido-tesorero-de-mazatlan-mixe-al-que-amenazaron-con-linchar","status":"publish","type":"post","link":"https:\/\/zonaroja.com.mx\/?p=34176","title":{"rendered":"Lleva seis d\u00edas retenido tesorero de Mazatl\u00e1n Mixe, al que amenazaron con linchar"},"content":{"rendered":"\n<p>Redacci\u00f3n\/Zona Roja.<\/p>\n\n\n\n<p>Oaxaca de Ju\u00e1rez, Oax., 11 de noviembre de 2021.- Este jueves se cumplen seis d\u00edas de la retenci\u00f3n del tesorero de San Juan Mazatl\u00e1nMixe, Gildardo Bautista L\u00f3pez, por parte de pobladores de diversas comunidades, entre ellas La Mixtequita.<\/p>\n\n\n\n<p>Lo anterior con la finalidad de presionar para que el edil Macario Eleuterio Jim\u00e9nez libere los recursos presupuestales de este a\u00f1o a esa y otras agencias de la zona; el pasado fin de semana amagaron con quemar vivo al funcionario.<\/p>\n\n\n\n<p>Sin embargo, a casi tres semanas del bloqueo a la carretera que comunica a Palomares, Mat\u00edas Romero, con San Juan Bautista Tuxtepec, la Secretar\u00eda General de Gobierno de Oaxaca (Segego) ha fracasado en el di\u00e1logo.<\/p>\n\n\n\n<p>Mientras tanto, el edil de Mazatl\u00e1n Mixe, que ha tenido protestas con bloqueos desde el a\u00f1o pasado, as\u00ed como retenci\u00f3n de personas, se ha negado a negociar con los inconformes y a responder al llamado de la autoridad estatal.<\/p>\n\n\n\n<p>Adem\u00e1s de la retenci\u00f3n del tesorero municipal, los pobladores de dicha agencia municipal, mantienen tambi\u00e9n retenidos m\u00e1s de seis camiones de carga tipo tort\u00f3n.<\/p>\n\n\n\n<p>Del bloqueo que mantienen estos pobladores sobre la carretera 147 tramo<\/p>\n\n\n\n<p>Palomares-Mar\u00eda Lombardo, contin\u00faa afectando la comunicaci\u00f3n con el municipio de Tuxtepec y el vecino estado de Veracruz.<\/p>\n","protected":false},"excerpt":{"rendered":"<p>Redacci\u00f3n\/Zona Roja. Oaxaca de Ju\u00e1rez, Oax., 11 de noviembre de 2021.- Este jueves se cumplen&hellip;<\/p>\n","protected":false},"author":2,"featured_media":34014,"comment_status":"closed","ping_status":"open","sticky":false,"template":"","format":"standard","meta":{"_lmt_disableupdate":"","_lmt_disable":"","_jetpack_memberships_contains_paid_content":false,"footnotes":""},"categories":[109,47],"tags":[933],"class_list":["post-34176","post","type-post","status-publish","format-standard","has-post-thumbnail","hentry","category-minuto-a-minuto","category-zona-gris","tag-san-juan-mazatlan-mixe"],"jetpack_featured_media_url":"https:\/\/zonaroja.com.mx\/wp-content\/uploads\/2021\/11\/Protesta-La-Mixtequita-San-Juan-Mazatlan-Mixe.jpg","jetpack_sharing_enabled":true,"_links":{"self":[{"href":"https:\/\/zonaroja.com.mx\/index.php?rest_route=\/wp\/v2\/posts\/34176","targetHints":{"allow":["GET"]}}],"collection":[{"href":"https:\/\/zonaroja.com.mx\/index.php?rest_route=\/wp\/v2\/posts"}],"about":[{"href":"https:\/\/zonaroja.com.mx\/index.php?rest_route=\/wp\/v2\/types\/post"}],"author":[{"embeddable":true,"href":"https:\/\/zonaroja.com.mx\/index.php?rest_route=\/wp\/v2\/users\/2"}],"replies":[{"embeddable":true,"href":"https:\/\/zonaroja.com.mx\/index.php?rest_route=%2Fwp%2Fv2%2Fcomments&post=34176"}],"version-history":[{"count":1,"href":"https:\/\/zonaroja.com.mx\/index.php?rest_route=\/wp\/v2\/posts\/34176\/revisions"}],"predecessor-version":[{"id":34177,"href":"https:\/\/zonaroja.com.mx\/index.php?rest_route=\/wp\/v2\/posts\/34176\/revisions\/34177"}],"wp:featuredmedia":[{"embeddable":true,"href":"https:\/\/zonaroja.com.mx\/index.php?rest_route=\/wp\/v2\/media\/34014"}],"wp:attachment":[{"href":"https:\/\/zonaroja.com.mx\/index.php?rest_route=%2Fwp%2Fv2%2Fmedia&parent=34176"}],"wp:term":[{"taxonomy":"category","embeddable":true,"href":"https:\/\/zonaroja.com.mx\/index.php?rest_route=%2Fwp%2Fv2%2Fcategories&post=34176"},{"taxonomy":"post_tag","embeddable":true,"href":"https:\/\/zonaroja.com.mx\/index.php?rest_route=%2Fwp%2Fv2%2Ftags&post=34176"}],"curies":[{"name":"wp","href":"https:\/\/api.w.org\/{rel}","templated":true}]}}