{"id":34182,"date":"2021-11-11T20:07:11","date_gmt":"2021-11-12T02:07:11","guid":{"rendered":"http:\/\/www.zonaroja.com.mx\/?p=34182"},"modified":"2021-11-11T20:07:17","modified_gmt":"2021-11-12T02:07:17","slug":"da-scjn-30-meses-a-congresos-de-oaxaca-y-chiapas-para-modificaciones-constitucionales","status":"publish","type":"post","link":"https:\/\/zonaroja.com.mx\/?p=34182","title":{"rendered":"Da SCJN 30 meses a congresos de Oaxaca y Chiapas para modificaciones constitucionales"},"content":{"rendered":"\n<p>Redacci\u00f3n\/Zona Roja.<\/p>\n\n\n\n<p>Oaxaca de Ju\u00e1rez, Oax., 11 de noviembre de 2021.- Por mayor\u00eda de votos, el pleno de la Suprema Corte de Justicia de la Naci\u00f3n (SCJN) determin\u00f3 que las m\u00e1s de 160 mil hect\u00e1reas en la zona de los Chimalapas, que se hab\u00eda apropiado Chiapas, pertenecen al estado de Oaxaca.<\/p>\n\n\n\n<p>Ello al resolver la Controversia Constitucional 121\/2012 promovida por esta entidad, en que estableci\u00f3 los l\u00edmites que deben regir entre ambos estados.<\/p>\n\n\n\n<p>En un comunicado, expuso que se determin\u00f3 que la l\u00ednea lim\u00edtrofe que debe regir entre ambas entidades partir\u00e1 de sur a norte e iniciar\u00e1 en la Barra de Tonal\u00e1 a los 16 grados de latitud norte, en direcci\u00f3n noroeste hasta el cerro del Chilillo, de ah\u00ed con direcci\u00f3n noroeste hasta el cerro de La Jineta y de ah\u00ed, con rumbo noreste, hasta el cerro de Los Mart\u00ednez.<\/p>\n\n\n\n<p>\u201cPara llegar a dicha conclusi\u00f3n, la SCJN se bas\u00f3, fundamentalmente, en una prueba pericial en geograf\u00eda y cartograf\u00eda, la cual permiti\u00f3 discernir y obtener una conclusi\u00f3n respecto a los puntos lim\u00edtrofes que rigieron desde 1549 a la Nueva Espa\u00f1a y la Capitan\u00eda General de Guatemala y que hoy integran la frontera entre los estados de Oaxaca y Chiapas\u201d, expuso.<\/p>\n\n\n\n<p>A\u00f1adi\u00f3 que con base en lo anterior y por lo que se refiere al pol\u00edgono del municipio de Belisario Dom\u00ednguez, el pleno advirti\u00f3 que \u201c\u00e9ste fue creado en un espacio geogr\u00e1fico que no corresponde al estado de Chiapas, de conformidad con la l\u00ednea lim\u00edtrofe entre ambas entidades federativas, establecida por la propia SCJN\u201d.<\/p>\n\n\n\n<p>Como parte de los efectos de la resoluci\u00f3n, determin\u00f3 que los Congresos de ambos estados, dentro de los 30 meses contados a partir de la notificaci\u00f3n de los puntos resolutivos de la sentencia, deber\u00e1n realizar las modificaciones pertinentes a sus Constituciones y leyes respectivas, a efecto de incorporar los puntos lim\u00edtrofes de la frontera que han sido reconocidos en la sentencia.<\/p>\n\n\n\n<figure class=\"wp-block-embed is-type-rich is-provider-twitter wp-block-embed-twitter\"><div class=\"wp-block-embed__wrapper\">\n<div class=\"twitter-tweet\"><blockquote class=\"twitter-tweet\" data-lang=\"es\"><p lang=\"es\" dir=\"ltr\"><a href=\"https:\/\/twitter.com\/hashtag\/%C3%9AltimoMinuto?src=hash&amp;ref_src=twsrc%5Etfw\">#\u00daltimoMinuto<\/a> <br>Tras la determinaci\u00f3n de la <a href=\"https:\/\/twitter.com\/SCJN?ref_src=twsrc%5Etfw\">@SCJN<\/a>, que calific\u00f3 como hist\u00f3rica, el gobernador <a href=\"https:\/\/twitter.com\/alejandromurat?ref_src=twsrc%5Etfw\">@AlejandroMurat<\/a> inform\u00f3 que habr\u00e1 un proceso de di\u00e1logo con el estado vecino de Chiapas, para recuperar las zonas invadidas en territorio de San Miguel y Santa Mar\u00eda Chimalapa. <a href=\"https:\/\/t.co\/7VqVP5cxIf\">pic.twitter.com\/7VqVP5cxIf<\/a><\/p>&mdash; Zona Roja Oaxaca (@Zona_Roja_Oax) <a href=\"https:\/\/twitter.com\/Zona_Roja_Oax\/status\/1458963304085213188?ref_src=twsrc%5Etfw\">12 de noviembre de 2021<\/a><\/blockquote><\/div>\n<\/div><\/figure>\n\n\n\n<p>Adem\u00e1s, orden\u00f3 al estado de Chiapas realizar las adecuaciones en su Constituci\u00f3n y en el resto de su marco normativo, a fin de que modifique los l\u00edmites del municipio de Belisario Dom\u00ednguez, de manera que sean congruentes con la l\u00ednea lim\u00edtrofe fijada.<\/p>\n\n\n\n<p>A CONSTRUIR PAZ Y ARMON\u00cdA<\/p>\n\n\n\n<p>Por su parte, el Gobierno del Estado de Oaxaca calific\u00f3 tambi\u00e9n como una decisi\u00f3n hist\u00f3rica y trascendente la determinaci\u00f3n de los l\u00edmites territoriales entre los estados de Oaxaca y Chiapas.<\/p>\n\n\n\n<p>A trav\u00e9s de un comunicado, detall\u00f3 que el gobernador Alejandro Murat hizo un llamado a la armon\u00eda y concordia para construir el desarrollo integral de la poblaci\u00f3n ind\u00edgena de la zona zoque.<\/p>\n\n\n\n<p>Con esta decisi\u00f3n, dijo, \u201cse logra la restituci\u00f3n de la soberan\u00eda de nuestro estado de Oaxaca y se restituye la dignificaci\u00f3n de los pueblos originarios que se encuentran en los chimalapas y el Istmo oaxaque\u00f1o\u201d.<\/p>\n\n\n\n<p>\u201cEn las pr\u00f3ximas semanas, como lo mandata la Suprema Corte, estaremos estableciendo las mesas para escuchar a la poblaci\u00f3n que se encuentra en la regi\u00f3n y atender sus necesidades; estaremos tambi\u00e9n estableciendo una mesa que permitir\u00e1 una nueva etapa de di\u00e1logo y paz con nuestro estado hermano de Chiapas\u201d, destac\u00f3.<\/p>\n\n\n\n<figure class=\"wp-block-image size-large\"><a href=\"http:\/\/www.zonaroja.com.mx\/wp-content\/uploads\/2021\/11\/Limites-oaxaca.jpg\" data-rel=\"penci-gallery-image-content\" ><img decoding=\"async\" width=\"1024\" height=\"796\" src=\"http:\/\/www.zonaroja.com.mx\/wp-content\/uploads\/2021\/11\/Limites-oaxaca-1024x796.jpg\" alt=\"\" class=\"wp-image-34184\" srcset=\"https:\/\/zonaroja.com.mx\/wp-content\/uploads\/2021\/11\/Limites-oaxaca-1024x796.jpg 1024w, https:\/\/zonaroja.com.mx\/wp-content\/uploads\/2021\/11\/Limites-oaxaca-300x233.jpg 300w, https:\/\/zonaroja.com.mx\/wp-content\/uploads\/2021\/11\/Limites-oaxaca-768x597.jpg 768w, https:\/\/zonaroja.com.mx\/wp-content\/uploads\/2021\/11\/Limites-oaxaca-585x455.jpg 585w, https:\/\/zonaroja.com.mx\/wp-content\/uploads\/2021\/11\/Limites-oaxaca.jpg 1080w\" sizes=\"(max-width: 1024px) 100vw, 1024px\" \/><\/a><\/figure>\n","protected":false},"excerpt":{"rendered":"<p>Redacci\u00f3n\/Zona Roja. Oaxaca de Ju\u00e1rez, Oax., 11 de noviembre de 2021.- Por mayor\u00eda de votos,&hellip;<\/p>\n","protected":false},"author":2,"featured_media":34183,"comment_status":"closed","ping_status":"open","sticky":false,"template":"","format":"standard","meta":{"_lmt_disableupdate":"","_lmt_disable":"","_jetpack_memberships_contains_paid_content":false,"footnotes":""},"categories":[109,46],"tags":[2949],"class_list":["post-34182","post","type-post","status-publish","format-standard","has-post-thumbnail","hentry","category-minuto-a-minuto","category-zona-blanca","tag-controversia-constitucional-chimalapas"],"jetpack_featured_media_url":"https:\/\/zonaroja.com.mx\/wp-content\/uploads\/2021\/11\/Sesion-Suprema-Corte-de-Justicia.jpg","jetpack_sharing_enabled":true,"_links":{"self":[{"href":"https:\/\/zonaroja.com.mx\/index.php?rest_route=\/wp\/v2\/posts\/34182","targetHints":{"allow":["GET"]}}],"collection":[{"href":"https:\/\/zonaroja.com.mx\/index.php?rest_route=\/wp\/v2\/posts"}],"about":[{"href":"https:\/\/zonaroja.com.mx\/index.php?rest_route=\/wp\/v2\/types\/post"}],"author":[{"embeddable":true,"href":"https:\/\/zonaroja.com.mx\/index.php?rest_route=\/wp\/v2\/users\/2"}],"replies":[{"embeddable":true,"href":"https:\/\/zonaroja.com.mx\/index.php?rest_route=%2Fwp%2Fv2%2Fcomments&post=34182"}],"version-history":[{"count":1,"href":"https:\/\/zonaroja.com.mx\/index.php?rest_route=\/wp\/v2\/posts\/34182\/revisions"}],"predecessor-version":[{"id":34185,"href":"https:\/\/zonaroja.com.mx\/index.php?rest_route=\/wp\/v2\/posts\/34182\/revisions\/34185"}],"wp:featuredmedia":[{"embeddable":true,"href":"https:\/\/zonaroja.com.mx\/index.php?rest_route=\/wp\/v2\/media\/34183"}],"wp:attachment":[{"href":"https:\/\/zonaroja.com.mx\/index.php?rest_route=%2Fwp%2Fv2%2Fmedia&parent=34182"}],"wp:term":[{"taxonomy":"category","embeddable":true,"href":"https:\/\/zonaroja.com.mx\/index.php?rest_route=%2Fwp%2Fv2%2Fcategories&post=34182"},{"taxonomy":"post_tag","embeddable":true,"href":"https:\/\/zonaroja.com.mx\/index.php?rest_route=%2Fwp%2Fv2%2Ftags&post=34182"}],"curies":[{"name":"wp","href":"https:\/\/api.w.org\/{rel}","templated":true}]}}