{"id":34186,"date":"2021-11-11T22:07:43","date_gmt":"2021-11-12T04:07:43","guid":{"rendered":"http:\/\/www.zonaroja.com.mx\/?p=34186"},"modified":"2021-11-11T22:07:46","modified_gmt":"2021-11-12T04:07:46","slug":"ni-coalicion-con-morena-para-gubernatura-ni-cesion-en-congreso-nueva-alianza","status":"publish","type":"post","link":"https:\/\/zonaroja.com.mx\/?p=34186","title":{"rendered":"Ni coalici\u00f3n con Morena para gubernatura ni cesi\u00f3n en Congreso: Nueva Alianza"},"content":{"rendered":"\n<p>Evlin Arag\u00f3n\/Zona Roja.<\/p>\n\n\n\n<p>Oaxaca de Ju\u00e1rez, Oax., 11 de noviembre de 2021.- La dirigencia del Partido Nueva Alianza (Panal), encabezada por Ang\u00e9lica Ju\u00e1rez y Bersah\u00edn L\u00f3pez, desminti\u00f3 la coalici\u00f3n con Morena y los partidos Verde de M\u00e9xico y del Trabajo para la contienda por la gubernatura de Oaxaca.&nbsp;<\/p>\n\n\n\n<p>Fue Bersah\u00edn L\u00f3pez quien explic\u00f3 que desde el 2018, Nueva Alianza dej\u00f3 de ser partido pol\u00edtico nacional, por lo que no existe la posibilidad de que la coalici\u00f3n se haya acordado con otro tipo de dirigencia.<\/p>\n\n\n\n<p>\u201cSalimos a desmentir este comunicado, primero porque hay un desconocimiento total de algunas figuras nacionales sobre c\u00f3mo funcionan los partidos pol\u00edticos locales; y segunda que en el Consejo Pol\u00edtico Estatal de hace 15 d\u00edas Nueva Alianza Oaxaca determin\u00f3 que primero se va a construir la plataforma electoral que se presentar\u00e1 en diciembre pr\u00f3ximo\u201d, indic\u00f3.&nbsp;<\/p>\n\n\n\n<p>En este mismo sentido, precis\u00f3 que est\u00e1n en un proceso interno para fortalecer al partido y determinar c\u00f3mo enfrentar\u00e1n el proceso electoral, lo cual no ha sido definido a\u00fan, por lo que se deslind\u00f3 de cualquier tipo de acuerdo de coalici\u00f3n.<\/p>\n\n\n\n<p>\u201cNos sorprendi\u00f3 este anuncio equivocado de esta coalici\u00f3n fallida en el estado de Oaxaca que no puede tener desconocimiento de c\u00f3mo funcionan los partidos pol\u00edticos que s\u00ed tienen dignidad, valores y representaci\u00f3n pol\u00edtica real\u201d, sentenci\u00f3.\u00a0\u00a0<\/p>\n\n\n\n<figure class=\"wp-block-embed is-type-rich is-provider-twitter wp-block-embed-twitter\"><div class=\"wp-block-embed__wrapper\">\n<div class=\"twitter-tweet\"><blockquote class=\"twitter-tweet\" data-lang=\"es\"><p lang=\"es\" dir=\"ltr\"><a href=\"https:\/\/twitter.com\/hashtag\/ENVIVO?src=hash&amp;ref_src=twsrc%5Etfw\">#ENVIVO<\/a><br>Oaxaca de Ju\u00e1rez , Oax., 11 de noviembre de 2021.- Conferencia de prensa de la dirigencia del Partido Nueva Alianza Oaxaca.<br><br>Siga la transmisi\u00f3n aqu\u00ed: <br>\ud83d\udc47<a href=\"https:\/\/t.co\/Pw00WiiT2R\">https:\/\/t.co\/Pw00WiiT2R<\/a> <a href=\"https:\/\/t.co\/Gn2eFBZBfm\">pic.twitter.com\/Gn2eFBZBfm<\/a><\/p>&mdash; Zona Roja Oaxaca (@Zona_Roja_Oax) <a href=\"https:\/\/twitter.com\/Zona_Roja_Oax\/status\/1458867399239749647?ref_src=twsrc%5Etfw\">11 de noviembre de 2021<\/a><\/blockquote><\/div>\n<\/div><\/figure>\n\n\n\n<p>Finalmente, pidi\u00f3 a Morena mantenerse respetuoso de la vida interna de los partidos locales y asegur\u00f3 que en caso de ir en conjunto con alg\u00fan otro partido ser\u00eda en una alianza com\u00fan que respete la autonom\u00eda, plataforma y propuestas que impulsar\u00e1n.&nbsp;<\/p>\n\n\n\n<p>En otro tema, indic\u00f3 que la \u00fanica diputada local, Adriana Altamirano Rosales, no se adherir\u00e1 a ninguna otra fracci\u00f3n parlamentaria, por el contrario, se mantendr\u00e1 como representante del partido al interior del Congreso local e impulsado la agenda del \u00f3rgano pol\u00edtico.&nbsp;<\/p>\n\n\n\n<p>\u201cEn la pol\u00edtica hay que tener dignidad y lealtad, y yo tengo una lealtad con mis compa\u00f1eros que el d\u00eda de hoy me acompa\u00f1an de este lado. Somos Nueva Alianza Oaxaca, no nos servimos a ning\u00fan otro partido pol\u00edtico, no estamos en coalici\u00f3n con nadie m\u00e1s, vamos solos\u201d, dijo la legisladora.&nbsp;<\/p>\n\n\n\n<p>En este sentido detall\u00f3 no le preocupa estar fuera Junta de Coordinaci\u00f3n Pol\u00edtica (JUCOPO) toda vez que esta se rige \u00fanicamente por los intereses econ\u00f3micos que se mueven al interior y olvida el bienestar de la poblaci\u00f3n oaxaque\u00f1a.&nbsp;&nbsp;<\/p>\n","protected":false},"excerpt":{"rendered":"<p>Evlin Arag\u00f3n\/Zona Roja. Oaxaca de Ju\u00e1rez, Oax., 11 de noviembre de 2021.- La dirigencia del&hellip;<\/p>\n","protected":false},"author":2,"featured_media":34187,"comment_status":"closed","ping_status":"open","sticky":false,"template":"","format":"standard","meta":{"_lmt_disableupdate":"","_lmt_disable":"","_jetpack_memberships_contains_paid_content":false,"footnotes":""},"categories":[109,47],"tags":[2946],"class_list":["post-34186","post","type-post","status-publish","format-standard","has-post-thumbnail","hentry","category-minuto-a-minuto","category-zona-gris","tag-partido-nueva-alianza-oaxaca"],"jetpack_featured_media_url":"https:\/\/zonaroja.com.mx\/wp-content\/uploads\/2021\/11\/Nueva-Alianza-diputada-Oaxaca.jpg","jetpack_sharing_enabled":true,"_links":{"self":[{"href":"https:\/\/zonaroja.com.mx\/index.php?rest_route=\/wp\/v2\/posts\/34186","targetHints":{"allow":["GET"]}}],"collection":[{"href":"https:\/\/zonaroja.com.mx\/index.php?rest_route=\/wp\/v2\/posts"}],"about":[{"href":"https:\/\/zonaroja.com.mx\/index.php?rest_route=\/wp\/v2\/types\/post"}],"author":[{"embeddable":true,"href":"https:\/\/zonaroja.com.mx\/index.php?rest_route=\/wp\/v2\/users\/2"}],"replies":[{"embeddable":true,"href":"https:\/\/zonaroja.com.mx\/index.php?rest_route=%2Fwp%2Fv2%2Fcomments&post=34186"}],"version-history":[{"count":1,"href":"https:\/\/zonaroja.com.mx\/index.php?rest_route=\/wp\/v2\/posts\/34186\/revisions"}],"predecessor-version":[{"id":34188,"href":"https:\/\/zonaroja.com.mx\/index.php?rest_route=\/wp\/v2\/posts\/34186\/revisions\/34188"}],"wp:featuredmedia":[{"embeddable":true,"href":"https:\/\/zonaroja.com.mx\/index.php?rest_route=\/wp\/v2\/media\/34187"}],"wp:attachment":[{"href":"https:\/\/zonaroja.com.mx\/index.php?rest_route=%2Fwp%2Fv2%2Fmedia&parent=34186"}],"wp:term":[{"taxonomy":"category","embeddable":true,"href":"https:\/\/zonaroja.com.mx\/index.php?rest_route=%2Fwp%2Fv2%2Fcategories&post=34186"},{"taxonomy":"post_tag","embeddable":true,"href":"https:\/\/zonaroja.com.mx\/index.php?rest_route=%2Fwp%2Fv2%2Ftags&post=34186"}],"curies":[{"name":"wp","href":"https:\/\/api.w.org\/{rel}","templated":true}]}}