{"id":34189,"date":"2021-11-11T22:31:42","date_gmt":"2021-11-12T04:31:42","guid":{"rendered":"http:\/\/www.zonaroja.com.mx\/?p=34189"},"modified":"2021-11-11T22:31:45","modified_gmt":"2021-11-12T04:31:45","slug":"denuncian-muerte-de-mujer-por-presunta-negligencia-en-hospital-de-huajuapan","status":"publish","type":"post","link":"https:\/\/zonaroja.com.mx\/?p=34189","title":{"rendered":"Denuncian muerte de mujer por presunta negligencia en hospital de Huajuapan"},"content":{"rendered":"\n<p>Evlin Arag\u00f3n\/Zona Roja.<\/p>\n\n\n\n<p>Oaxaca de Ju\u00e1rez, Oax., 11 de noviembre de 2021.- Sadot Morales Herrera, denunci\u00f3 una presunta negligencia m\u00e9dica al interior del Hospital General \u201cPilar S\u00e1nchez Villavicencio\u201d ubicado en Huajuapan de Le\u00f3n, misma que dio como resultado la muerte de su esposa este mi\u00e9rcoles, alrededor de las 10 de la ma\u00f1ana.&nbsp;<\/p>\n\n\n\n<p>Entre l\u00e1grimas, relat\u00f3 que desde hace tres a\u00f1os su esposa manifest\u00f3 problemas de salud que no fueron bien diagnosticados por el personal m\u00e9dico, toda vez que en un inicio estuvo medicada por cirrosis hep\u00e1tico, tratamiento que piensa pudo ser contraproducente.&nbsp;<\/p>\n\n\n\n<p>Sin embargo, lejos de mejorar, la salud de la mujer se fue deteriorando a tal punto que hace tres meses recay\u00f3 y fue necesario su regreso al nosocomio en donde, sin ning\u00fan tipo de consideraci\u00f3n, le solicitaron una serie de estudios que no pod\u00edan costear, toda vez que ella no contaba ingresos propios y su esposo se dedica a la alba\u00f1iler\u00eda.&nbsp;<\/p>\n\n\n\n<p>A base de esfuerzos y pr\u00e9stamos, consiguieron el dinero para dar seguimiento a la salud de la mujer, los cuales no sirvieron para un diagn\u00f3stico correcto y una atenci\u00f3n a tiempo.<\/p>\n\n\n\n<p>Fue hasta hace un mes, aproximadamente, que ante el deteriorado estado de salud que presentaba la mujer, se trasladaron a la Cl\u00ednica del Pueblo, en la capital de Oaxaca, donde le informaron que padec\u00eda c\u00e1ncer muy avanzado y la refirieron al Hospital Civil \u201cDr. Aurelio Valdivieso\u201d.&nbsp;<\/p>\n\n\n\n<p>Una vez en el nosocomio p\u00fablico, le programaron estudios para diciembre pr\u00f3ximo y una nueva consulta para el mes de enero del 2022, a la cual evidentemente ya no llegar\u00e1.&nbsp;<\/p>\n\n\n\n<p>Apenas a inicios de la semana, la mujer manifest\u00f3 sentirse peor de salud por lo que fue nuevamente al hospital de Huajuapan, de los Servicios de Salud de Oaxaca (SSO) donde, a pesar de canalizarla, no le brindaron la atenci\u00f3n que necesitaba ya que fue su esposo quien la encontr\u00f3 en un estado deplorable, entre sus propios fluidos corporales que no le hab\u00edan limpiado.<\/p>\n\n\n\n<p>\u201cYo creo que se le revent\u00f3 el tumor. Yo me di cuenta porque le dio como una especie de diarrea donde expulso una enorme cantidad de l\u00edquido amarillo con caf\u00e9\u201d, dijo.<\/p>\n\n\n\n<p>Adem\u00e1s, le pidieron de nueva cuenta otros estudios, as\u00ed como la cantidad de 600 pesos por el alojamiento de su esposa en el hospital, misma que no pudo pagar por lo que advirti\u00f3 al personal del nosocomio que har\u00eda una denuncia ante Derechos Humanos, \u00fanica raz\u00f3n por la que le dieron el alta de su esposa sin cobro alguno.&nbsp;&nbsp;<\/p>\n\n\n\n<p>\u201cYo creo que no es justo, quiero que me escuchen. No quiero que alguien m\u00e1s pase lo que mi esposa. Estoy muy triste porque se me fue mi compa\u00f1era de 37 a\u00f1os y porque en Insabi nunca recibimos la ayuda que nos dicen que dan\u201d, concluy\u00f3.&nbsp;<\/p>\n\n\n\n<p>Finalmente, Sadot Morales solicit\u00f3 ayuda econ\u00f3mica para el funeral y los gastos que trae consigo, ya que no cuenta con el respaldo de la familia de su esposa, ni de sus hijos. Para ayudarlo pueden llamar al 953 2141058.<\/p>\n\n\n\n<p>Por su parte, de acuerdo con fuentes del nosocomio, dependiente de los Servicios de Salud de Oaxaca, don Sadot decidi\u00f3 por su propia voluntad retirar a su paciente, cuando estaba en tratamiento m\u00e9dico.<\/p>\n","protected":false},"excerpt":{"rendered":"<p>Evlin Arag\u00f3n\/Zona Roja. Oaxaca de Ju\u00e1rez, Oax., 11 de noviembre de 2021.- Sadot Morales Herrera,&hellip;<\/p>\n","protected":false},"author":2,"featured_media":34192,"comment_status":"closed","ping_status":"open","sticky":false,"template":"","format":"standard","meta":{"_lmt_disableupdate":"","_lmt_disable":"","_jetpack_memberships_contains_paid_content":false,"footnotes":""},"categories":[109,47],"tags":[1005],"class_list":["post-34189","post","type-post","status-publish","format-standard","has-post-thumbnail","hentry","category-minuto-a-minuto","category-zona-gris","tag-servicios-de-salud-de-oaxaca-sso"],"jetpack_featured_media_url":"https:\/\/zonaroja.com.mx\/wp-content\/uploads\/2021\/11\/Hospital-SSO-Huajuapan-1.png","jetpack_sharing_enabled":true,"_links":{"self":[{"href":"https:\/\/zonaroja.com.mx\/index.php?rest_route=\/wp\/v2\/posts\/34189","targetHints":{"allow":["GET"]}}],"collection":[{"href":"https:\/\/zonaroja.com.mx\/index.php?rest_route=\/wp\/v2\/posts"}],"about":[{"href":"https:\/\/zonaroja.com.mx\/index.php?rest_route=\/wp\/v2\/types\/post"}],"author":[{"embeddable":true,"href":"https:\/\/zonaroja.com.mx\/index.php?rest_route=\/wp\/v2\/users\/2"}],"replies":[{"embeddable":true,"href":"https:\/\/zonaroja.com.mx\/index.php?rest_route=%2Fwp%2Fv2%2Fcomments&post=34189"}],"version-history":[{"count":1,"href":"https:\/\/zonaroja.com.mx\/index.php?rest_route=\/wp\/v2\/posts\/34189\/revisions"}],"predecessor-version":[{"id":34193,"href":"https:\/\/zonaroja.com.mx\/index.php?rest_route=\/wp\/v2\/posts\/34189\/revisions\/34193"}],"wp:featuredmedia":[{"embeddable":true,"href":"https:\/\/zonaroja.com.mx\/index.php?rest_route=\/wp\/v2\/media\/34192"}],"wp:attachment":[{"href":"https:\/\/zonaroja.com.mx\/index.php?rest_route=%2Fwp%2Fv2%2Fmedia&parent=34189"}],"wp:term":[{"taxonomy":"category","embeddable":true,"href":"https:\/\/zonaroja.com.mx\/index.php?rest_route=%2Fwp%2Fv2%2Fcategories&post=34189"},{"taxonomy":"post_tag","embeddable":true,"href":"https:\/\/zonaroja.com.mx\/index.php?rest_route=%2Fwp%2Fv2%2Ftags&post=34189"}],"curies":[{"name":"wp","href":"https:\/\/api.w.org\/{rel}","templated":true}]}}