{"id":34197,"date":"2021-11-12T07:37:20","date_gmt":"2021-11-12T13:37:20","guid":{"rendered":"http:\/\/www.zonaroja.com.mx\/?p=34197"},"modified":"2021-11-12T07:37:23","modified_gmt":"2021-11-12T13:37:23","slug":"buscara-chiapas-solucion-armoniosa-sobre-el-caso-chimalapas","status":"publish","type":"post","link":"https:\/\/zonaroja.com.mx\/?p=34197","title":{"rendered":"Buscar\u00e1 Chiapas \u201csoluci\u00f3n armoniosa\u201d sobre el caso Chimalapas"},"content":{"rendered":"\n<p>Redacci\u00f3n\/Zona Roja Cdmx.<\/p>\n\n\n\n<p>Ciudad de M\u00e9xico, 12 de noviembre de 2021.- Al argumentar que en su sexenio no hubo tiempo de presentar las pruebas correspondientes para la defensa, el gobierno del estado de Chiapas asegur\u00f3 que respetar\u00e1 la decisi\u00f3n de la Suprema Corte de Justicia de la Naci\u00f3n respecto al conflicto territorial en la zona de los Chinalapas y buscar\u00e1 con Oaxaca una \u201csoluci\u00f3n armoniosa\u201d.<\/p>\n\n\n\n<p>La autoridad que encabeza el mandatario Rutilio Escand\u00f3n emiti\u00f3 ayer por la tarde un comunicado, en que precis\u00f3 que buscar\u00e1 mantener la paz social con las comunidades y ejidos implicados, respecto a la Controversia Constitucional 121\/2012 resuelta ayer.<\/p>\n\n\n\n<p>\u201cAunque la decisi\u00f3n tomada por el Alto Tribunal resulta adversa a los intereses del estado Chiapas, es necesario puntualizar que el conflicto lim\u00edtrofe con el estado de Oaxaca inici\u00f3 en 2011, debido a acciones realizadas por administraciones estatales del pasado, quienes tambi\u00e9n tuvieron a su cargo la responsabilidad exclusiva de defender el caso a nivel judicial.<\/p>\n\n\n\n<p>\u201cLa presente administraci\u00f3n asumi\u00f3 el tema en una etapa final, sin posibilidad de variar los argumentos ni ofrecer pruebas adicionales, en virtud de que las reglas de la Controversia Constitucional establecen plazos fatales que concluyeron desde 2017.<\/p>\n\n\n\n<p>\u201cNo obstante lo anterior, el Gobierno del Estado manifiesta su compromiso con el Estado de Derecho y estar\u00e1 atento a la decisi\u00f3n de la Suprema Corte de Justicia de la Naci\u00f3n, reiterando al mismo tiempo, su permanente disposici\u00f3n con todos los actores para lograr una soluci\u00f3n armoniosa que evite un escalamiento de violencia o ingobernabilidad en la zona\u201d, detall\u00f3 en su bolet\u00edn de prensa.<\/p>\n\n\n\n<p>Agreg\u00f3 que el actual gobierno de Chiapas seguir\u00e1 pugnando con su similar del estado de Oaxaca para que, sin contravenir la decisi\u00f3n del Alto Tribunal, \u201cla vida cotidiana y los derechos de los habitantes de la regi\u00f3n no se vean afectados, y construyamos juntos con el apoyo de la Federaci\u00f3n un convenio marco de convivencia armoniosa para la zona lim\u00edtrofe\u201d.<\/p>\n\n\n\n<p>Detall\u00f3 que los comisariados ejidales de Pilar Espinosa, Rodulfo Figueroa y Cal y Mayor, estuvieron presentes en el seguimiento a las transmisiones en vivo de las sesiones de la Suprema Corte.<\/p>\n","protected":false},"excerpt":{"rendered":"<p>Redacci\u00f3n\/Zona Roja Cdmx. Ciudad de M\u00e9xico, 12 de noviembre de 2021.- Al argumentar que en&hellip;<\/p>\n","protected":false},"author":2,"featured_media":34196,"comment_status":"closed","ping_status":"open","sticky":false,"template":"","format":"standard","meta":{"_lmt_disableupdate":"","_lmt_disable":"","_jetpack_memberships_contains_paid_content":false,"footnotes":""},"categories":[109,47],"tags":[2949],"class_list":["post-34197","post","type-post","status-publish","format-standard","has-post-thumbnail","hentry","category-minuto-a-minuto","category-zona-gris","tag-controversia-constitucional-chimalapas"],"jetpack_featured_media_url":"https:\/\/zonaroja.com.mx\/wp-content\/uploads\/2021\/11\/Rutilio-Escandon-Chiapas-palacio.jpg","jetpack_sharing_enabled":true,"_links":{"self":[{"href":"https:\/\/zonaroja.com.mx\/index.php?rest_route=\/wp\/v2\/posts\/34197","targetHints":{"allow":["GET"]}}],"collection":[{"href":"https:\/\/zonaroja.com.mx\/index.php?rest_route=\/wp\/v2\/posts"}],"about":[{"href":"https:\/\/zonaroja.com.mx\/index.php?rest_route=\/wp\/v2\/types\/post"}],"author":[{"embeddable":true,"href":"https:\/\/zonaroja.com.mx\/index.php?rest_route=\/wp\/v2\/users\/2"}],"replies":[{"embeddable":true,"href":"https:\/\/zonaroja.com.mx\/index.php?rest_route=%2Fwp%2Fv2%2Fcomments&post=34197"}],"version-history":[{"count":1,"href":"https:\/\/zonaroja.com.mx\/index.php?rest_route=\/wp\/v2\/posts\/34197\/revisions"}],"predecessor-version":[{"id":34198,"href":"https:\/\/zonaroja.com.mx\/index.php?rest_route=\/wp\/v2\/posts\/34197\/revisions\/34198"}],"wp:featuredmedia":[{"embeddable":true,"href":"https:\/\/zonaroja.com.mx\/index.php?rest_route=\/wp\/v2\/media\/34196"}],"wp:attachment":[{"href":"https:\/\/zonaroja.com.mx\/index.php?rest_route=%2Fwp%2Fv2%2Fmedia&parent=34197"}],"wp:term":[{"taxonomy":"category","embeddable":true,"href":"https:\/\/zonaroja.com.mx\/index.php?rest_route=%2Fwp%2Fv2%2Fcategories&post=34197"},{"taxonomy":"post_tag","embeddable":true,"href":"https:\/\/zonaroja.com.mx\/index.php?rest_route=%2Fwp%2Fv2%2Ftags&post=34197"}],"curies":[{"name":"wp","href":"https:\/\/api.w.org\/{rel}","templated":true}]}}