{"id":34202,"date":"2021-11-12T07:53:37","date_gmt":"2021-11-12T13:53:37","guid":{"rendered":"http:\/\/www.zonaroja.com.mx\/?p=34202"},"modified":"2021-11-12T07:53:40","modified_gmt":"2021-11-12T13:53:40","slug":"pluralismo-juridico-tema-del-boletin-digital-derechos-humanos-genero-y-justicia","status":"publish","type":"post","link":"https:\/\/zonaroja.com.mx\/?p=34202","title":{"rendered":"Pluralismo jur\u00eddico, tema del Bolet\u00edn Digital Derechos Humanos, G\u00e9nero y Justicia"},"content":{"rendered":"\n<p>Redacci\u00f3n\/Zona Roja.<\/p>\n\n\n\n<p>Oaxaca de Ju\u00e1rez, Oax., 12 de noviembre de 2021.- Derivado de la presentaci\u00f3n del \u201cProtocolo para la Armonizaci\u00f3n y Coordinaci\u00f3n entre jurisdicciones estatal e ind\u00edgena afromexicana\u201d, el Poder Judicial del Estado, a trav\u00e9s de la Direcci\u00f3n de Derechos Humanos del Consejo de la Judicatura, dedica al an\u00e1lisis y reflexiones de este importante documento, la edici\u00f3n n\u00famero 21 del Bolet\u00edn Derechos Humanos, G\u00e9nero y Justicia, que se publica cada mes en formato digital.<\/p>\n\n\n\n<p>El contenido est\u00e1 ampliamente relacionado con los puntos de vista de especialistas en materia de pluralismo jur\u00eddico como el doctor Salom\u00f3n Nahmad y Sitt\u00f3n; el doctor V\u00edctor Leonel Juan Mart\u00ednez y la doctora Mar\u00eda Teresa Sierra Camacho, quienes coinciden que en el caso del Sistema de Justicia de Oaxaca, se requiere atender aspectos de coordinaci\u00f3n y cooperaci\u00f3n entre el sistema de justicia estatal y los sistemas de justicia ind\u00edgena-afromexicanas para lograr una construcci\u00f3n de relaciones de igualdad y respeto.<\/p>\n\n\n\n<p>La publicaci\u00f3n comparte tambi\u00e9n el mensaje del presidente del Tribunal Superior de Justicia del Estado, magistrado Eduardo Pinacho S\u00e1nchez, en torno a la presentaci\u00f3n del \u201cProtocolo para la Armonizaci\u00f3n y Coordinaci\u00f3n entre jurisdicciones estatal e ind\u00edgena afromexicana\u201d, donde menciona que es una herramienta imprescindible para hacer efectivo el derecho a la igualdad y libre discriminaci\u00f3n de los pueblos ind\u00edgenas.<\/p>\n\n\n\n<p>En opini\u00f3n del doctor Salom\u00f3n Nahmad y Sitt\u00f3n, se destaca que el protocolo permitir\u00e1 aportar una transformaci\u00f3n valiosa al incluir a los pueblos ind\u00edgenas de forma clara y transparente en la impartici\u00f3n de justicia. As\u00ed como una aportaci\u00f3n relevante de la sociedad oaxaque\u00f1a para este cambio sustantivo y significativo.<\/p>\n\n\n\n<p>Por su parte, el doctor V\u00edctor Leonel Juan Mart\u00ednez, hace una reflexi\u00f3n donde puntualiza que el protocolo es un producto del di\u00e1logo con la sociedad civil y organizaciones ind\u00edgenas que han logrado transversalizar la perspectiva del pluralismo jur\u00eddico en el quehacer judicial, logrando avanzar en la construcci\u00f3n de un sistema de justicia pluralista.<\/p>\n\n\n\n<p>Tambi\u00e9n, la doctora Mar\u00eda Teresa Sierra Camacho, detalla que es importante reconocer que la visi\u00f3n centralista del Estado moderno, no es el \u00fanico derecho existente, sino que dentro de la din\u00e1mica jurisdiccional tambi\u00e9n existen otros esquemas jur\u00eddicos como el de los pueblos ind\u00edgenas. El Bolet\u00edn Digital se encuentra en el enlace https:\/\/bit.ly\/30bpbsL, as\u00ed como en las redes oficiales de la Direcci\u00f3n de Derechos Humanos del Consejo de la Judicatura Tw @DerechosDh y Facebook www.facebook.com\/DerechosHumanosPJEO; y del Tribunal Superior de Justicia Facebook: https:\/\/www.facebook.com\/TSJOAX o Tw @tsjoaxaca.<\/p>\n","protected":false},"excerpt":{"rendered":"<p>Redacci\u00f3n\/Zona Roja. Oaxaca de Ju\u00e1rez, Oax., 12 de noviembre de 2021.- Derivado de la presentaci\u00f3n&hellip;<\/p>\n","protected":false},"author":2,"featured_media":34203,"comment_status":"closed","ping_status":"open","sticky":false,"template":"","format":"standard","meta":{"_lmt_disableupdate":"","_lmt_disable":"","_jetpack_memberships_contains_paid_content":false,"footnotes":""},"categories":[109,46],"tags":[223],"class_list":["post-34202","post","type-post","status-publish","format-standard","has-post-thumbnail","hentry","category-minuto-a-minuto","category-zona-blanca","tag-poder-judicial-de-oaxaca"],"jetpack_featured_media_url":"https:\/\/zonaroja.com.mx\/wp-content\/uploads\/2021\/11\/Boletin-judicial.jpg","jetpack_sharing_enabled":true,"_links":{"self":[{"href":"https:\/\/zonaroja.com.mx\/index.php?rest_route=\/wp\/v2\/posts\/34202","targetHints":{"allow":["GET"]}}],"collection":[{"href":"https:\/\/zonaroja.com.mx\/index.php?rest_route=\/wp\/v2\/posts"}],"about":[{"href":"https:\/\/zonaroja.com.mx\/index.php?rest_route=\/wp\/v2\/types\/post"}],"author":[{"embeddable":true,"href":"https:\/\/zonaroja.com.mx\/index.php?rest_route=\/wp\/v2\/users\/2"}],"replies":[{"embeddable":true,"href":"https:\/\/zonaroja.com.mx\/index.php?rest_route=%2Fwp%2Fv2%2Fcomments&post=34202"}],"version-history":[{"count":1,"href":"https:\/\/zonaroja.com.mx\/index.php?rest_route=\/wp\/v2\/posts\/34202\/revisions"}],"predecessor-version":[{"id":34204,"href":"https:\/\/zonaroja.com.mx\/index.php?rest_route=\/wp\/v2\/posts\/34202\/revisions\/34204"}],"wp:featuredmedia":[{"embeddable":true,"href":"https:\/\/zonaroja.com.mx\/index.php?rest_route=\/wp\/v2\/media\/34203"}],"wp:attachment":[{"href":"https:\/\/zonaroja.com.mx\/index.php?rest_route=%2Fwp%2Fv2%2Fmedia&parent=34202"}],"wp:term":[{"taxonomy":"category","embeddable":true,"href":"https:\/\/zonaroja.com.mx\/index.php?rest_route=%2Fwp%2Fv2%2Fcategories&post=34202"},{"taxonomy":"post_tag","embeddable":true,"href":"https:\/\/zonaroja.com.mx\/index.php?rest_route=%2Fwp%2Fv2%2Ftags&post=34202"}],"curies":[{"name":"wp","href":"https:\/\/api.w.org\/{rel}","templated":true}]}}