{"id":34205,"date":"2021-11-12T08:02:46","date_gmt":"2021-11-12T14:02:46","guid":{"rendered":"http:\/\/www.zonaroja.com.mx\/?p=34205"},"modified":"2021-11-12T08:02:49","modified_gmt":"2021-11-12T14:02:49","slug":"mujeres-sanadoras-pieza-fundamental-en-la-atencion-de-la-pandemia-en-oaxaca","status":"publish","type":"post","link":"https:\/\/zonaroja.com.mx\/?p=34205","title":{"rendered":"Mujeres sanadoras, pieza fundamental en la atenci\u00f3n de la pandemia en Oaxaca"},"content":{"rendered":"\n<p>Evlin Arag\u00f3n\/Zona Roja.<\/p>\n\n\n\n<p>Oaxaca de Ju\u00e1rez, Oax., 12 de noviembre de 2021.- El personal m\u00e9dico y de enfermer\u00eda no fue el \u00fanico que hizo frente a la pandemia de Covid-19.<\/p>\n\n\n\n<p>A la primera l\u00ednea hay que incluir a las mujeres sanadoras que, desde tiempos ancestrales, atienden todo tipo de padecimientos en las comunidades ind\u00edgenas, donde no existe la infraestructura hospitalaria y el acceso a salud p\u00fablica es complicado.<\/p>\n\n\n\n<p>As\u00ed lo expuso Diana P\u00e9rez Guti\u00e9rrez, curandera de Santa Mar\u00eda Tlahuitoltepec, quien relat\u00f3 lo complejo que es para quienes habitan en los pueblos trasladarse hasta un hospital, sobre todo cuando ya cuentan con la dolencia y se encuentran en un estado de gravedad, justo como sucedi\u00f3 con la pandemia.&nbsp;<\/p>\n\n\n\n<p>Lo anterior en el marco de la presentaci\u00f3n del m\u00e1s reciente n\u00famero del folleto \u201cVoces de la Valent\u00eda\u201d, que edita Consorcio Oaxaca y que, en esta ocasi\u00f3n, est\u00e1 dedicado a las mujeres medicina, por lo que da voz a una curandera y una enfermera que hicieron frente a la contingencia sanitaria.&nbsp;<\/p>\n\n\n\n<p>A pesar de que al inicio no cre\u00eda en la Covid-19, Diana consult\u00f3 al ma\u00edz y a la madre tierra, como lo hace de manera recurrente, y confirm\u00f3 que se trataba de una enfermedad nueva que iba a impactar de manera considerable a su comunidad y al mundo entero.<\/p>\n\n\n\n<p>Por ello decidi\u00f3 poner al servicio de la comunidad su don sanador, heredado de generaci\u00f3n en generaci\u00f3n, mediante el cual logr\u00f3 atender a un importante n\u00famero de familias que desesperadas acud\u00edan a ella para salvar la vida de sus seres queridos.&nbsp;<\/p>\n\n\n\n<p>\u201cSi la madre tierra y los antepasados me heredaron este don, era momento de demostrar la capacidad de sanaci\u00f3n. El papel que me toc\u00f3 si fue duro, tuve que escuchar personas desesperadas que buscaban ayuda, incluso de madrugada y de otras localidades llegaban buscando la sanaci\u00f3n\u201d, indic\u00f3.&nbsp;<\/p>\n\n\n\n<p>La efectividad de su trabajo incluso se corri\u00f3 de voz en voz y muchas personas recurrieron a ella para curarse, incluso de otros estados de la Rep\u00fablica por lo que tuvo que adentrarse al mundo digital, antes desconocido para ella, para brindar consulta en l\u00ednea.<\/p>\n\n\n\n<p>\u201cAyud\u00e9 a muchas personas desde la medicina tradicional, con ritos, ofrendas y plantas. Si hubo manera de pedirle a la madre tierra para ahuyentar la enfermedad\u201d, relat\u00f3.&nbsp;&nbsp;<\/p>\n\n\n\n<p>No fue f\u00e1cil, ya que su propia familia se contagi\u00f3 por Covid-19, situaci\u00f3n que la puso por momentos en una situaci\u00f3n de vulnerabilidad. Sin embargo, saco fuerzas de sus propios ancestros y pudo hacer frente a la enfermedad a favor de decenas de personas, incluida sus seres queridos.&nbsp;<\/p>\n\n\n\n<p>Finalmente, Diana record\u00f3 que hasta ahora sigue habiendo contagios, pero asegur\u00f3 que hay manera de atender los s\u00edntomas como la fiebre y la tos por medio de la medicina tradicional y contener la ola de contagios.<\/p>\n\n\n\n<p>\u201cVoces de la valent\u00eda\u201d es un folleto que surgi\u00f3 en el 2007 con la intenci\u00f3n de dar voz a las mujeres que participaron en el movimiento social registrado un a\u00f1o atr\u00e1s en la entidad y despu\u00e9s se retom\u00f3 para publicar diversas historias de vida.<\/p>\n","protected":false},"excerpt":{"rendered":"<p>Evlin Arag\u00f3n\/Zona Roja. Oaxaca de Ju\u00e1rez, Oax., 12 de noviembre de 2021.- El personal m\u00e9dico&hellip;<\/p>\n","protected":false},"author":2,"featured_media":34206,"comment_status":"closed","ping_status":"open","sticky":false,"template":"","format":"standard","meta":{"_lmt_disableupdate":"","_lmt_disable":"","_jetpack_memberships_contains_paid_content":false,"footnotes":""},"categories":[109,46],"tags":[548],"class_list":["post-34205","post","type-post","status-publish","format-standard","has-post-thumbnail","hentry","category-minuto-a-minuto","category-zona-blanca","tag-consorcio-oaxaca"],"jetpack_featured_media_url":"https:\/\/zonaroja.com.mx\/wp-content\/uploads\/2021\/11\/Folleto-Consorcio-Oaxaca.jpg","jetpack_sharing_enabled":true,"_links":{"self":[{"href":"https:\/\/zonaroja.com.mx\/index.php?rest_route=\/wp\/v2\/posts\/34205","targetHints":{"allow":["GET"]}}],"collection":[{"href":"https:\/\/zonaroja.com.mx\/index.php?rest_route=\/wp\/v2\/posts"}],"about":[{"href":"https:\/\/zonaroja.com.mx\/index.php?rest_route=\/wp\/v2\/types\/post"}],"author":[{"embeddable":true,"href":"https:\/\/zonaroja.com.mx\/index.php?rest_route=\/wp\/v2\/users\/2"}],"replies":[{"embeddable":true,"href":"https:\/\/zonaroja.com.mx\/index.php?rest_route=%2Fwp%2Fv2%2Fcomments&post=34205"}],"version-history":[{"count":1,"href":"https:\/\/zonaroja.com.mx\/index.php?rest_route=\/wp\/v2\/posts\/34205\/revisions"}],"predecessor-version":[{"id":34207,"href":"https:\/\/zonaroja.com.mx\/index.php?rest_route=\/wp\/v2\/posts\/34205\/revisions\/34207"}],"wp:featuredmedia":[{"embeddable":true,"href":"https:\/\/zonaroja.com.mx\/index.php?rest_route=\/wp\/v2\/media\/34206"}],"wp:attachment":[{"href":"https:\/\/zonaroja.com.mx\/index.php?rest_route=%2Fwp%2Fv2%2Fmedia&parent=34205"}],"wp:term":[{"taxonomy":"category","embeddable":true,"href":"https:\/\/zonaroja.com.mx\/index.php?rest_route=%2Fwp%2Fv2%2Fcategories&post=34205"},{"taxonomy":"post_tag","embeddable":true,"href":"https:\/\/zonaroja.com.mx\/index.php?rest_route=%2Fwp%2Fv2%2Ftags&post=34205"}],"curies":[{"name":"wp","href":"https:\/\/api.w.org\/{rel}","templated":true}]}}