{"id":34208,"date":"2021-11-12T08:14:41","date_gmt":"2021-11-12T14:14:41","guid":{"rendered":"http:\/\/www.zonaroja.com.mx\/?p=34208"},"modified":"2021-11-12T08:14:44","modified_gmt":"2021-11-12T14:14:44","slug":"era-pizzero-de-puerto-escondido-el-decapitado-y-encajuelado-en-pochutla","status":"publish","type":"post","link":"https:\/\/zonaroja.com.mx\/?p=34208","title":{"rendered":"Era pizzero de Puerto Escondido, el decapitado y encajuelado en Pochutla"},"content":{"rendered":"\n<p>Redacci\u00f3n\/Zona Roja.<\/p>\n\n\n\n<p>Oaxaca de Ju\u00e1rez, Oax., 12 de noviembre de 2021.- Como Jos\u00e9 Luis C. M., de 37 a\u00f1os de edad y de oficio pizzero fue identificado el hombre asesinado, decapitado y abandonado en la cajuela de un auto, en jurisdicci\u00f3n de San Pedro Pochutla, Oaxaca.<\/p>\n\n\n\n<p>El hallazgo ocurri\u00f3 la ma\u00f1ana del mi\u00e9rcoles a un costado de la carretera federal 175, Oaxaca-Puerto \u00c1ngel, en inmediaciones de la localidad de San Rafael Toltepec, en un coche marca Nissan, tipo Sentra, con placas de circulaci\u00f3n TMA-5664, de esta entidad.<\/p>\n\n\n\n<p>Jos\u00e9 Luis vend\u00eda adem\u00e1s velas arom\u00e1ticas y era originario de Puerto Escondido, confirmaron sus familiares, que identificaron el cuerpo y aseguraron que desconoc\u00edan por qu\u00e9 lo asesinaron, cuando se dirig\u00eda hacia la capital oaxaque\u00f1a.<\/p>\n\n\n\n<p>La Vicefiscal\u00eda Regional de la Costa contin\u00faa con las investigaciones para dar con el o los responsables del crimen.<\/p>\n\n\n\n<p>OTRO ATAQUE<\/p>\n\n\n\n<p>Por otra parte, la madrugada de este viernes una persona del sexo masculino fue atacado a balazos en Juchit\u00e1n de Zaragoza.<\/p>\n\n\n\n<p>Los hechos ocurrieron en su domicilio ubicado en la calle Tehuana de la colonia Virgen de Guadalupe, por parte de sujetos armados; la v\u00edctima identificada como Elvis G., fue trasladada a un hospital para su atenci\u00f3n m\u00e9dica.<\/p>\n","protected":false},"excerpt":{"rendered":"<p>Redacci\u00f3n\/Zona Roja. Oaxaca de Ju\u00e1rez, Oax., 12 de noviembre de 2021.- Como Jos\u00e9 Luis C.&hellip;<\/p>\n","protected":false},"author":2,"featured_media":34154,"comment_status":"closed","ping_status":"open","sticky":false,"template":"","format":"standard","meta":{"_lmt_disableupdate":"","_lmt_disable":"","_jetpack_memberships_contains_paid_content":false,"footnotes":""},"categories":[109,51],"tags":[151],"class_list":["post-34208","post","type-post","status-publish","format-standard","has-post-thumbnail","hentry","category-minuto-a-minuto","category-zona-roja","tag-san-pedro-pochutla"],"jetpack_featured_media_url":"https:\/\/zonaroja.com.mx\/wp-content\/uploads\/2021\/11\/Ejecutado-Toltepec-Pochutla-ok.jpg","jetpack_sharing_enabled":true,"_links":{"self":[{"href":"https:\/\/zonaroja.com.mx\/index.php?rest_route=\/wp\/v2\/posts\/34208","targetHints":{"allow":["GET"]}}],"collection":[{"href":"https:\/\/zonaroja.com.mx\/index.php?rest_route=\/wp\/v2\/posts"}],"about":[{"href":"https:\/\/zonaroja.com.mx\/index.php?rest_route=\/wp\/v2\/types\/post"}],"author":[{"embeddable":true,"href":"https:\/\/zonaroja.com.mx\/index.php?rest_route=\/wp\/v2\/users\/2"}],"replies":[{"embeddable":true,"href":"https:\/\/zonaroja.com.mx\/index.php?rest_route=%2Fwp%2Fv2%2Fcomments&post=34208"}],"version-history":[{"count":1,"href":"https:\/\/zonaroja.com.mx\/index.php?rest_route=\/wp\/v2\/posts\/34208\/revisions"}],"predecessor-version":[{"id":34209,"href":"https:\/\/zonaroja.com.mx\/index.php?rest_route=\/wp\/v2\/posts\/34208\/revisions\/34209"}],"wp:featuredmedia":[{"embeddable":true,"href":"https:\/\/zonaroja.com.mx\/index.php?rest_route=\/wp\/v2\/media\/34154"}],"wp:attachment":[{"href":"https:\/\/zonaroja.com.mx\/index.php?rest_route=%2Fwp%2Fv2%2Fmedia&parent=34208"}],"wp:term":[{"taxonomy":"category","embeddable":true,"href":"https:\/\/zonaroja.com.mx\/index.php?rest_route=%2Fwp%2Fv2%2Fcategories&post=34208"},{"taxonomy":"post_tag","embeddable":true,"href":"https:\/\/zonaroja.com.mx\/index.php?rest_route=%2Fwp%2Fv2%2Ftags&post=34208"}],"curies":[{"name":"wp","href":"https:\/\/api.w.org\/{rel}","templated":true}]}}