{"id":3421,"date":"2019-08-26T19:23:34","date_gmt":"2019-08-27T00:23:34","guid":{"rendered":"http:\/\/www.zonaroja.com.mx\/?p=3421"},"modified":"2019-08-26T19:23:37","modified_gmt":"2019-08-27T00:23:37","slug":"minimiza-fiscal-de-oaxaca-feminicidios-solo-reconoce-18-casos-este-ano","status":"publish","type":"post","link":"https:\/\/zonaroja.com.mx\/?p=3421","title":{"rendered":"Minimiza fiscal de Oaxaca feminicidios; s\u00f3lo reconoce 18 casos este a\u00f1o"},"content":{"rendered":"\n<p>Evlin\nArag\u00f3n\/Zona Roja.<\/p>\n\n\n\n<p>Oaxaca de\nJu\u00e1rez, Oax., 26 de agosto de 2019.- La Fiscal\u00eda General del Estado \u00fanicamente tiene\nel registro de 18 feminicidios en lo que va del a\u00f1o, cifra muy debajo de la que\nhan denunciado organizaciones sociales como Consorcio Oaxaca y GES Mujer,\nquienes coinciden en que son m\u00e1s de 80 los casos registrados en este 2019.<\/p>\n\n\n\n<p>En\nconferencia de prensa, el titular del \u00f3rgano, Rub\u00e9n Vasconcelos M\u00e9ndez, explic\u00f3\nque en lo que va del a\u00f1o se han iniciado 67 carpetas de investigaci\u00f3n por\nhomicidios dolosos en contra de mujeres y 18 por el delito de feminicidios.<\/p>\n\n\n\n<p>De forma\nespec\u00edfica, puntualiz\u00f3 que en el mes de agosto se han iniciado seis carpetas de\ninvestigaci\u00f3n por homicidios dolosos contra mujeres y s\u00f3lo una por feminicidio,\npese a que los casos registrados en la base de datos de Consorcio Oaxaca, que\ncuenta con uno m\u00e1s que la Fiscal\u00eda, cumplen con las caracter\u00edsticas de\nviolencia feminicida.<\/p>\n\n\n\n<p>DOLOROSO\nRECUENTO<\/p>\n\n\n\n<p>El recuento\nde la organizaci\u00f3n refiere que Nona, de 62 a\u00f1os de edad, fue hallada con\ncortadas en el cuello al interior del ba\u00f1o de una tienda en Santa Mar\u00eda\nHuatulco; Cristina, de 26 a\u00f1os, fue asesinada con arma de fuego en Huajuapan de\nL\u00e9on; Silvina, de 78 a\u00f1os, cuyo cuerpo fue localizado al fondo de un barranco\nen San Antonio de las Mesas, Calihual\u00e1; y Janeth, de 32 a\u00f1os, fue asesinada por\narma de fuego.<\/p>\n\n\n\n<p>As\u00ed mismo,\nFelipa, de 43 a\u00f1os, muri\u00f3 por disparos de arma de fuego y su cuerpo fue localizado\nen el acceso principal de su vivienda ubicada en el Barrio San Sebasti\u00e1n,\nTehuantepec; Carmela, de 40 a\u00f1os, quien se desempa\u00f1aba como alcaldesa en San\nJos\u00e9 de Estancia Grande, fue asesinada con disparos de arma de fuego.<\/p>\n\n\n\n<p>Mar\u00eda\nEugenia, de 19 a\u00f1os, cuyo cuerpo fue localizado en el camino de terracer\u00eda que\ncomunica a Playa Colorada en Puerto Escondido, y finalmente Mar\u00eda, de 40 a\u00f1o,\nquien se encontraba en su domicilio en San Agust\u00edn Chayuco, cuando un sujeto\nllego a dispararle.<\/p>\n\n\n\n<p>Consorcio\nOaxaca se\u00f1ala que a casi un a\u00f1o de decretarse la Alerta de Violencia de G\u00e9nero\nen Oaxaca en 40 municipios, la violencia feminicida ha cobrado la vida de 122\nmujeres desde su emisi\u00f3n; dando un total de 337 feminicidios en lo que va de la\nadministraci\u00f3n de Alejandro Murat Hinojosa.&lt;<\/p>\n\n\n\n<p>CIFRAS ALEGRES<\/p>\n\n\n\n<p>Pese a lo\nanterior, Vasconcelos M\u00e9ndez celebr\u00f3 que en los \u00faltimo 15 d\u00edas se capturaron a cuatro\nsujetos que cometieron homicidio doloso o feminicidio, uno de ellos Esau F.G.\npresunto responsable del asesinato de una mujer originaria de San Felipe\nTejal\u00e1pam, Etla, que desapareci\u00f3 en enero del 2018.&nbsp; <\/p>\n\n\n\n<p>Mientras que\ndio a conocer que durante este a\u00f1o la dependencia a su cargo a iniciado 410\ncarpetas de investigaci\u00f3n por abuso sexual y 416 por violaci\u00f3n, delitos\ncometidos en su mayor\u00eda en contra de menores de edad, por personas cercanas\nincluso al interior de las familias, las escuelas y los principales c\u00edrculos y\ngrupos de la comunidad.<\/p>\n\n\n\n<p>Dicha\nsituaci\u00f3n se atiende al grado que durante este mes detuvieron a nueve personas\nacusadas de delitos sexuales, ocho por violaci\u00f3n y una por abuso sexual, para\nlo cual dijo se ha asumido un compromiso al interior de la Fiscal\u00eda para\npriorizar los delitos en perjuicio de ni\u00f1as y ni\u00f1os.<\/p>\n\n\n\n<p>No obstante, las cifras no concuerdan con los hechos pues en este a\u00f1o, cuatro personas de la comunidad LGTTB+ han sido asesinadas de las cuales hay una persona procesada y este lunes, una m\u00e1s detenida; del caso m\u00e1s significativo, \u00d3scar Cazorla, quien fuera l\u00edder de la comunidad muxe y de quien hasta el momento no hay ning\u00fan avance en las investigaciones.<\/p>\n\n\n\n<p>Por la impunidad que aseguran se genera desde la Fiscal\u00eda General, distintas organizaciones y dirigentes sociales han manifestado su preocupaci\u00f3n y exigencias, como la marcha efectuada ayer en Santa Cruz Huatulco, para exigir justicia por los feminicidios en la regi\u00f3n de la Costa.<\/p>\n","protected":false},"excerpt":{"rendered":"<p>Evlin Arag\u00f3n\/Zona Roja. Oaxaca de Ju\u00e1rez, Oax., 26 de agosto de 2019.- La Fiscal\u00eda General&hellip;<\/p>\n","protected":false},"author":2,"featured_media":3422,"comment_status":"closed","ping_status":"open","sticky":false,"template":"","format":"standard","meta":{"_lmt_disableupdate":"","_lmt_disable":"","_jetpack_memberships_contains_paid_content":false,"footnotes":""},"categories":[109,51],"tags":[610,494,170],"class_list":["post-3421","post","type-post","status-publish","format-standard","has-post-thumbnail","hentry","category-minuto-a-minuto","category-zona-roja","tag-feminicidios-oaxaca","tag-fiscalia-general-del-estado-de-oaxaca","tag-ruben-vasconcelos-mendez"],"jetpack_featured_media_url":"https:\/\/zonaroja.com.mx\/wp-content\/uploads\/2019\/08\/IMG_1581.jpg","jetpack_sharing_enabled":true,"_links":{"self":[{"href":"https:\/\/zonaroja.com.mx\/index.php?rest_route=\/wp\/v2\/posts\/3421","targetHints":{"allow":["GET"]}}],"collection":[{"href":"https:\/\/zonaroja.com.mx\/index.php?rest_route=\/wp\/v2\/posts"}],"about":[{"href":"https:\/\/zonaroja.com.mx\/index.php?rest_route=\/wp\/v2\/types\/post"}],"author":[{"embeddable":true,"href":"https:\/\/zonaroja.com.mx\/index.php?rest_route=\/wp\/v2\/users\/2"}],"replies":[{"embeddable":true,"href":"https:\/\/zonaroja.com.mx\/index.php?rest_route=%2Fwp%2Fv2%2Fcomments&post=3421"}],"version-history":[{"count":1,"href":"https:\/\/zonaroja.com.mx\/index.php?rest_route=\/wp\/v2\/posts\/3421\/revisions"}],"predecessor-version":[{"id":3423,"href":"https:\/\/zonaroja.com.mx\/index.php?rest_route=\/wp\/v2\/posts\/3421\/revisions\/3423"}],"wp:featuredmedia":[{"embeddable":true,"href":"https:\/\/zonaroja.com.mx\/index.php?rest_route=\/wp\/v2\/media\/3422"}],"wp:attachment":[{"href":"https:\/\/zonaroja.com.mx\/index.php?rest_route=%2Fwp%2Fv2%2Fmedia&parent=3421"}],"wp:term":[{"taxonomy":"category","embeddable":true,"href":"https:\/\/zonaroja.com.mx\/index.php?rest_route=%2Fwp%2Fv2%2Fcategories&post=3421"},{"taxonomy":"post_tag","embeddable":true,"href":"https:\/\/zonaroja.com.mx\/index.php?rest_route=%2Fwp%2Fv2%2Ftags&post=3421"}],"curies":[{"name":"wp","href":"https:\/\/api.w.org\/{rel}","templated":true}]}}