{"id":34214,"date":"2021-11-12T15:52:51","date_gmt":"2021-11-12T21:52:51","guid":{"rendered":"http:\/\/www.zonaroja.com.mx\/?p=34214"},"modified":"2021-11-12T18:43:52","modified_gmt":"2021-11-13T00:43:52","slug":"preven-violencia-en-limites-de-oaxaca-y-chiapas-por-resolucion-de-scjn","status":"publish","type":"post","link":"https:\/\/zonaroja.com.mx\/?p=34214","title":{"rendered":"Prev\u00e9n violencia en l\u00edmites de Oaxaca y Chiapas por resoluci\u00f3n de SCJN"},"content":{"rendered":"\n<p>Evlin Arag\u00f3n\/Zona Roja.<\/p>\n\n\n\n<p>Oaxaca de Ju\u00e1rez, Oax., 12 de noviembre de 2021.- La violencia y el derramamiento de sangre podr\u00edan registrarse en la zona lim\u00edtrofe de Oaxaca y Chiapas, luego de la reciente resoluci\u00f3n de la Suprema Corte de Justicia de la Naci\u00f3n (SCJN) a favor de la entidad oaxaque\u00f1a y de la comunidad zoque de Chimalapas.&nbsp;<\/p>\n\n\n\n<p>As\u00ed lo dio a conocer Lucio M\u00e1rquez Ortiz, ejidatario de Las Merceditas, perteneciente al municipio de Cintalapa, Chiapas, quien asegur\u00f3 que no permitir\u00e1n que personas ajenas, que nunca han habitado en la zona, se quieran apropiar de su territorio.&nbsp;<\/p>\n\n\n\n<p>\u201cSi nuestras autoridades no determinan a favor de quienes tienen la raz\u00f3n, la posesi\u00f3n y son los verdaderos due\u00f1os de este territorio chiapaneco, pues tendr\u00e1 que haber derramamiento de sangre, porque nosotros no vamos a permitir que gentes ajenas que nunca han vivido en este lugar vengan a quererse posicionar de nuestro territorio, de nuestras parcelas y de todo el municipio de Cintalapa, Chiapas\u201d, dijo.&nbsp;<\/p>\n\n\n\n<p>En un video que se difundi\u00f3 a trav\u00e9s de las redes sociales, M\u00e1rquez Ortiz explic\u00f3 que desde 1991 arribaron a la zona 40 camionetas de la Procuradur\u00eda Agraria con la intenci\u00f3n de medir los n\u00facleos agrarios, situaci\u00f3n que no permitieron de ah\u00ed que sacaron por la fuerza al personal de la dependencia.<\/p>\n\n\n\n<p>As\u00ed mismo, lament\u00f3 que ninguna autoridad los haya respaldado en su lucha y por el contrario, detall\u00f3 que tal parece que los diputados s\u00f3lo esperaron a que terminara su trienio para dejar pasar la problem\u00e1tica en la zona sin darle atenci\u00f3n; de ah\u00ed que pidi\u00f3 a los legisladores electos en este a\u00f1o defender su territorio.&nbsp;<\/p>\n\n\n\n<p>\u201cLo que le pedimos a los senadores y los diputados que recientemente est\u00e1n entrando al Congreso que defiendan nuestro estado de Chiapas, que den la cara por nuestro estado. Es un territorio que es dado y es uno de los estados de la Rep\u00fablica que no deber\u00eda tener problemas con sus mojones\u201d.&nbsp;<\/p>\n\n\n\n<p>Finalmente, Lucio M\u00e1rquez pidi\u00f3 a las y los magistrados de la SCJN que verifique los mojones hist\u00f3ricos de Chiapas, ya que esta entidad fue la \u00faltima en anexarse a la federaci\u00f3n por lo que no deber\u00eda tener ning\u00fan tipo de problemas con sus vecinos de Oaxaca.<\/p>\n\n\n\n<p>Por su parte, el gobernador de Chiapas, Rutilio Escand\u00f3n, asegur\u00f3 que respetar\u00e1 la decisi\u00f3n de la Suprema Corte respecto al conflicto territorial en la zona de los Chimalapas y buscar\u00e1 con Oaxaca una \u201csoluci\u00f3n armoniosa\u201d ponderando la paz social con la comunidades y ejidos implicados. <\/p>\n\n\n\n<p>Aqu\u00ed el enlace de la declaraci\u00f3n: <\/p>\n\n\n\n<p><a href=\"https:\/\/fb.watch\/9dE8e-PIAB\/\">https:\/\/fb.watch\/9dE8e-PIAB\/<\/a><\/p>\n","protected":false},"excerpt":{"rendered":"<p>Evlin Arag\u00f3n\/Zona Roja. Oaxaca de Ju\u00e1rez, Oax., 12 de noviembre de 2021.- La violencia y&hellip;<\/p>\n","protected":false},"author":2,"featured_media":34215,"comment_status":"closed","ping_status":"open","sticky":false,"template":"","format":"standard","meta":{"_lmt_disableupdate":"","_lmt_disable":"","_jetpack_memberships_contains_paid_content":false,"footnotes":""},"categories":[109,47],"tags":[],"class_list":["post-34214","post","type-post","status-publish","format-standard","has-post-thumbnail","hentry","category-minuto-a-minuto","category-zona-gris"],"jetpack_featured_media_url":"https:\/\/zonaroja.com.mx\/wp-content\/uploads\/2021\/11\/Cintalapa-Chiapas.jpg","jetpack_sharing_enabled":true,"_links":{"self":[{"href":"https:\/\/zonaroja.com.mx\/index.php?rest_route=\/wp\/v2\/posts\/34214","targetHints":{"allow":["GET"]}}],"collection":[{"href":"https:\/\/zonaroja.com.mx\/index.php?rest_route=\/wp\/v2\/posts"}],"about":[{"href":"https:\/\/zonaroja.com.mx\/index.php?rest_route=\/wp\/v2\/types\/post"}],"author":[{"embeddable":true,"href":"https:\/\/zonaroja.com.mx\/index.php?rest_route=\/wp\/v2\/users\/2"}],"replies":[{"embeddable":true,"href":"https:\/\/zonaroja.com.mx\/index.php?rest_route=%2Fwp%2Fv2%2Fcomments&post=34214"}],"version-history":[{"count":2,"href":"https:\/\/zonaroja.com.mx\/index.php?rest_route=\/wp\/v2\/posts\/34214\/revisions"}],"predecessor-version":[{"id":34219,"href":"https:\/\/zonaroja.com.mx\/index.php?rest_route=\/wp\/v2\/posts\/34214\/revisions\/34219"}],"wp:featuredmedia":[{"embeddable":true,"href":"https:\/\/zonaroja.com.mx\/index.php?rest_route=\/wp\/v2\/media\/34215"}],"wp:attachment":[{"href":"https:\/\/zonaroja.com.mx\/index.php?rest_route=%2Fwp%2Fv2%2Fmedia&parent=34214"}],"wp:term":[{"taxonomy":"category","embeddable":true,"href":"https:\/\/zonaroja.com.mx\/index.php?rest_route=%2Fwp%2Fv2%2Fcategories&post=34214"},{"taxonomy":"post_tag","embeddable":true,"href":"https:\/\/zonaroja.com.mx\/index.php?rest_route=%2Fwp%2Fv2%2Ftags&post=34214"}],"curies":[{"name":"wp","href":"https:\/\/api.w.org\/{rel}","templated":true}]}}