{"id":34217,"date":"2021-11-12T15:57:47","date_gmt":"2021-11-12T21:57:47","guid":{"rendered":"http:\/\/www.zonaroja.com.mx\/?p=34217"},"modified":"2021-11-12T15:57:51","modified_gmt":"2021-11-12T21:57:51","slug":"oaxaca-cerraria-este-2021-con-un-centenar-de-feminicidios-consorcio","status":"publish","type":"post","link":"https:\/\/zonaroja.com.mx\/?p=34217","title":{"rendered":"Oaxaca cerrar\u00eda este 2021 con un centenar de feminicidios: Consorcio"},"content":{"rendered":"\n<p>Redacci\u00f3n\/Zona Roja.<\/p>\n\n\n\n<p>Oaxaca de Ju\u00e1rez, Oax., 12 de noviembre de 2021.- A mes y medio de concluir el a\u00f1o, Oaxaca cerrar\u00eda el 2021 con al menos un centenar de feminicidios, de acuerdo con una estimaci\u00f3n estad\u00edstica realizada por Consorcio para el Di\u00e1logo Parlamentario y la Equidad, Oaxaca A.C.<\/p>\n\n\n\n<p>Por ello, de cara a la elecci\u00f3n de un Tribunal Superior de Justicia que atienda a las mujeres que sufren violencia y a sus familias en el estado de Oaxaca, Consorcio por el Di\u00e1logo Parlamentario y la Equidad est\u00e1 llevando a cabo el an\u00e1lisis de los feminicidios que se documentan y sistematizan en su Plataforma de Violencia Feminicida.<\/p>\n\n\n\n<p>Seg\u00fan el pron\u00f3stico realizado mediante el m\u00e9todo estad\u00edstico de suavizado exponencial, si no cambian las tendencias o se llevan a cabo intervenciones de prevenci\u00f3n adecuadas, podr\u00edamos esperar que al finalizar este a\u00f1o se registren al menos otros 22 casos de feminicidios, sumando un total de 100.<\/p>\n\n\n\n<p>Tan s\u00f3lo del 1 de enero al 9 noviembre se han registrado 78 casos de feminicidios en la entidad, siendo marzo y septiembre los meses que han registraron la incidencia m\u00e1s alta, con 11 casos para cada mes.<\/p>\n\n\n\n<p>En ese contexto, la organizaci\u00f3n feminista ha publicado fichas informativas y boletines de prensa con informaci\u00f3n que ayuda a observar la situaci\u00f3n de esta problem\u00e1tica en los \u00faltimos a\u00f1os y&nbsp; que adem\u00e1s demuestra la urgencia por atenderla.<\/p>\n\n\n\n<p>La violencia contra las mujeres no es un hecho aislado sino el reflejo de un orden social que promueve el predominio de los hombres sobre las mujeres, a quienes se discrimina, excluye y desvaloriza.<\/p>\n\n\n\n<p>En Oaxaca las cifras de feminicidio son alarmantes y es obligaci\u00f3n del Estado prevenir, investigar y sancionar la violencia contra las mujeres.<\/p>\n\n\n\n<p>(Comunicado)<\/p>\n","protected":false},"excerpt":{"rendered":"<p>Redacci\u00f3n\/Zona Roja. Oaxaca de Ju\u00e1rez, Oax., 12 de noviembre de 2021.- A mes y medio&hellip;<\/p>\n","protected":false},"author":2,"featured_media":24715,"comment_status":"closed","ping_status":"open","sticky":false,"template":"","format":"standard","meta":{"_lmt_disableupdate":"","_lmt_disable":"","_jetpack_memberships_contains_paid_content":false,"footnotes":""},"categories":[109,47],"tags":[610],"class_list":["post-34217","post","type-post","status-publish","format-standard","has-post-thumbnail","hentry","category-minuto-a-minuto","category-zona-gris","tag-feminicidios-oaxaca"],"jetpack_featured_media_url":"https:\/\/zonaroja.com.mx\/wp-content\/uploads\/2021\/03\/Feminicidios.jpg","jetpack_sharing_enabled":true,"_links":{"self":[{"href":"https:\/\/zonaroja.com.mx\/index.php?rest_route=\/wp\/v2\/posts\/34217","targetHints":{"allow":["GET"]}}],"collection":[{"href":"https:\/\/zonaroja.com.mx\/index.php?rest_route=\/wp\/v2\/posts"}],"about":[{"href":"https:\/\/zonaroja.com.mx\/index.php?rest_route=\/wp\/v2\/types\/post"}],"author":[{"embeddable":true,"href":"https:\/\/zonaroja.com.mx\/index.php?rest_route=\/wp\/v2\/users\/2"}],"replies":[{"embeddable":true,"href":"https:\/\/zonaroja.com.mx\/index.php?rest_route=%2Fwp%2Fv2%2Fcomments&post=34217"}],"version-history":[{"count":1,"href":"https:\/\/zonaroja.com.mx\/index.php?rest_route=\/wp\/v2\/posts\/34217\/revisions"}],"predecessor-version":[{"id":34218,"href":"https:\/\/zonaroja.com.mx\/index.php?rest_route=\/wp\/v2\/posts\/34217\/revisions\/34218"}],"wp:featuredmedia":[{"embeddable":true,"href":"https:\/\/zonaroja.com.mx\/index.php?rest_route=\/wp\/v2\/media\/24715"}],"wp:attachment":[{"href":"https:\/\/zonaroja.com.mx\/index.php?rest_route=%2Fwp%2Fv2%2Fmedia&parent=34217"}],"wp:term":[{"taxonomy":"category","embeddable":true,"href":"https:\/\/zonaroja.com.mx\/index.php?rest_route=%2Fwp%2Fv2%2Fcategories&post=34217"},{"taxonomy":"post_tag","embeddable":true,"href":"https:\/\/zonaroja.com.mx\/index.php?rest_route=%2Fwp%2Fv2%2Ftags&post=34217"}],"curies":[{"name":"wp","href":"https:\/\/api.w.org\/{rel}","templated":true}]}}