{"id":34229,"date":"2021-11-13T08:00:00","date_gmt":"2021-11-13T14:00:00","guid":{"rendered":"http:\/\/www.zonaroja.com.mx\/?p=34229"},"modified":"2021-11-13T07:04:04","modified_gmt":"2021-11-13T13:04:04","slug":"la-65-legislatura-entre-reciclados-y-una-disminuida-morena","status":"publish","type":"post","link":"https:\/\/zonaroja.com.mx\/?p=34229","title":{"rendered":"La 65 Legislatura, incompleta, con reciclados y una disminuida Morena"},"content":{"rendered":"\n<p>Evlin Arag\u00f3n\/Zona Roja.<\/p>\n\n\n\n<p>Oaxaca de Ju\u00e1rez, Oax., 13 de noviembre de 2021.- Este s\u00e1bado entra en funciones la Sexag\u00e9sima Quinta Legislatura de Oaxaca, en la que destacan ocho legisladores reelectos, uno actualmente detenido y varios m\u00e1s que en otro momento ya formaron parte del Poder Legislativo.<\/p>\n\n\n\n<p>De manera extraoficial se inform\u00f3 que la presidenta de la Junta de Coordinaci\u00f3n Pol\u00edtica (Jucopo) ser\u00eda, por segunda vez, la morenista Laura Estrada Mauro, mientras que la Mesa Directiva la presidir\u00eda la priista Mariana Ben\u00edtez.<\/p>\n\n\n\n<p>Dentro de las y los diputados se encuentran 23 integrantes de la bancada del Partido Morena, que se mantiene como la primera fuerza al interior del recinto, &nbsp;pese a haber disminuido su n\u00famero de integrantes, pues en la anterior Legislatura eran 26.<\/p>\n\n\n\n<p>Cinco conservan su curul por reelecci\u00f3n como son Laura Estrada Mauro, por el distrito de San Juan Bautista Tuxtepec; Leticia Socorro Collado, por Huajuapan de Le\u00f3n; Luis Alfonso Silva Romo, por Oaxaca de Ju\u00e1rez Norte; Horacio Sosa Villavicencio, por Zimatl\u00e1n de \u00c1lvarez; y Juana Aguilar Espinoza, por San Pedro Pochutla.&nbsp;<\/p>\n\n\n\n<p>De la misma bancada, quienes llegan por mayor\u00eda de votos en las urnas son: Tania Caballero Navarro; el controvertido expresidente municipal de Santiago Juxtlahuaca, Nicol\u00e1s Enrique Feria Romero; el exdiputado local y federal, Sergio L\u00f3pez S\u00e1nchez; Melina Hern\u00e1ndez Sosa.<\/p>\n\n\n\n<p>Pablo D\u00edaz Jim\u00e9nez, Rosalinda L\u00f3pez Garc\u00eda, Luis Alberto Sosa Castillo, Lizett Arroyo Rodr\u00edguez, Nancy Natalia Ben\u00edtez Z\u00e1rate, Haydee Irma Reyes Soto, Denis Garc\u00eda Guti\u00e9rrez, la expresidenta de Santo Domingo Tehuantepec, Yesenia Nolasco Ram\u00edrez; Reyna Victoria Jim\u00e9nez Cervantes y Jaime Mois\u00e9s Santiago Ambrosio.<\/p>\n\n\n\n<p>Mientras que por representaci\u00f3n proporcional se suman a la bancada Luisa Cortes Garc\u00eda; el actual dirigente del partido en Oaxaca, Sesul Bola\u00f1os L\u00f3pez; Concepci\u00f3n Rueda G\u00f3mez, suplente de la senadora Susana Harp Iturribarr\u00eda; y C\u00e9sar David Mateos Ben\u00edtez, integrante de Comuna Oaxaca.&nbsp;&nbsp;<\/p>\n\n\n\n<p>LOS PRIISTAS<\/p>\n\n\n\n<p>La bancada del PRI, segunda fuerza al interior del Congreso, estar\u00e1 incompleta ante la ausencia de Gustavo D\u00edaz S\u00e1nchez, quien fue detenido el pasado 4 de noviembre en el estado de Veracruz, por presuntamente cometer diversos delitos.&nbsp;&nbsp;<\/p>\n\n\n\n<p>En este caso la diputaci\u00f3n estar\u00eda en riesgo, ya que en caso de que D\u00edaz S\u00e1nchez, mejor conocido como \u201cEl Gato\u201d, no tome protesta este s\u00e1bado perder\u00eda su curul y el Instituto Estatal Electoral y de Participaci\u00f3n Ciudadana (IEEPCO) podr\u00eda realizar elecciones extraordinarias, toda vez que su suplente Miguel Lucas Jacobo, falleci\u00f3 a causa de Covid-19, en septiembre pasado.<\/p>\n\n\n\n<p>Pese a lo anterior la bancada quedar\u00e1 conformada por quienes se ganaron su curul por el voto de la ciudadan\u00eda que son el expresidente municipal de San Pedro Mixtepec y muchas veces se\u00f1alado de violencia, Fredy Gil Pineda Gopar, as\u00ed como Lizbeth Anaid Concha Ojeda.&nbsp;<\/p>\n\n\n\n<p>Por espacios plurinominales repite curul &#8211;por tercera vez&#8211; Alejandro Avil\u00e9s \u00c1lvarez, quien presuntamente se disputar\u00e1 el control de la bancada tricolor con la exdiputada federal, Mariana Ben\u00edtez Tiburcio.<\/p>\n\n\n\n<p>A ellos se suman Elvia Gabriela P\u00e9rez L\u00f3pez, hija del actual dirigente tricolor; el exdiputado local y federal Samuel Gurri\u00f3n Mat\u00edas, por segunda ocasi\u00f3n; la tambi\u00e9n exdiputada local, Mar\u00eda Luisa Matus Fuentes; y el ex dirigente del partido, Eduardo Rojas Zavaleta, a quien le fue asignada recientemente la diputaci\u00f3n.&nbsp;<\/p>\n\n\n\n<p>La tercera fuerza la conforma el PRD, casi extinto en la entidad, y estar\u00e1 integrada por V\u00edctor Ra\u00fal Hern\u00e1ndez L\u00f3pez, quien ya fue presentado como el l\u00edder de la bancada; acompa\u00f1ado de Minerva Leonor L\u00f3pez Calder\u00f3n e Ysabel Martina Herrera Molina.&nbsp;<\/p>\n\n\n\n<p>De los partidos con s\u00f3lo dos integrantes destaca Acci\u00f3n Nacional, quien llega en familia San Raymundo Jalpan y estar\u00e1 representado por los hermanos D\u00edaz Jim\u00e9nez, Leonardo y Antonia Natividad, esta \u00faltima dirigente del partido y exdiputada federal.<\/p>\n\n\n\n<p>Por su parte el Partido del Trabajo recientemente se qued\u00f3 sin una integrante ante la resoluci\u00f3n de la Sala Superior del Tribunal Electoral del Poder Judicial (TEPJF), por lo que s\u00f3lo estar\u00e1 representado por la experredista M\u00edriam de los \u00c1ngeles V\u00e1squez Ruiz y No\u00e9 Doroteo Castillejos quien repite curul de manera consecutiva.&nbsp;&nbsp;&nbsp;<\/p>\n\n\n\n<p>Mientras que la conocida \u201cchiquillada\u201d estar\u00e1 conformada por las diputaciones \u00fanicas de los partidos Verde Ecologista de M\u00e9xico, Unidad Popular y Nueva Alianza, representados por Eva Diego Cruz, X\u00f3chitl Jazm\u00edn Vel\u00e1squez V\u00e1squez y Adriana Altamirano Rosales.&nbsp;<\/p>\n","protected":false},"excerpt":{"rendered":"<p>Evlin Arag\u00f3n\/Zona Roja. Oaxaca de Ju\u00e1rez, Oax., 13 de noviembre de 2021.- Este s\u00e1bado entra&hellip;<\/p>\n","protected":false},"author":2,"featured_media":20982,"comment_status":"closed","ping_status":"open","sticky":false,"template":"","format":"standard","meta":{"_lmt_disableupdate":"","_lmt_disable":"","_jetpack_memberships_contains_paid_content":false,"footnotes":""},"categories":[109,47],"tags":[2743],"class_list":["post-34229","post","type-post","status-publish","format-standard","has-post-thumbnail","hentry","category-minuto-a-minuto","category-zona-gris","tag-65-legislatura-del-estado-de-oaxaca"],"jetpack_featured_media_url":"https:\/\/zonaroja.com.mx\/wp-content\/uploads\/2020\/12\/Congreso-del-Estado-2.jpg","jetpack_sharing_enabled":true,"_links":{"self":[{"href":"https:\/\/zonaroja.com.mx\/index.php?rest_route=\/wp\/v2\/posts\/34229","targetHints":{"allow":["GET"]}}],"collection":[{"href":"https:\/\/zonaroja.com.mx\/index.php?rest_route=\/wp\/v2\/posts"}],"about":[{"href":"https:\/\/zonaroja.com.mx\/index.php?rest_route=\/wp\/v2\/types\/post"}],"author":[{"embeddable":true,"href":"https:\/\/zonaroja.com.mx\/index.php?rest_route=\/wp\/v2\/users\/2"}],"replies":[{"embeddable":true,"href":"https:\/\/zonaroja.com.mx\/index.php?rest_route=%2Fwp%2Fv2%2Fcomments&post=34229"}],"version-history":[{"count":2,"href":"https:\/\/zonaroja.com.mx\/index.php?rest_route=\/wp\/v2\/posts\/34229\/revisions"}],"predecessor-version":[{"id":34243,"href":"https:\/\/zonaroja.com.mx\/index.php?rest_route=\/wp\/v2\/posts\/34229\/revisions\/34243"}],"wp:featuredmedia":[{"embeddable":true,"href":"https:\/\/zonaroja.com.mx\/index.php?rest_route=\/wp\/v2\/media\/20982"}],"wp:attachment":[{"href":"https:\/\/zonaroja.com.mx\/index.php?rest_route=%2Fwp%2Fv2%2Fmedia&parent=34229"}],"wp:term":[{"taxonomy":"category","embeddable":true,"href":"https:\/\/zonaroja.com.mx\/index.php?rest_route=%2Fwp%2Fv2%2Fcategories&post=34229"},{"taxonomy":"post_tag","embeddable":true,"href":"https:\/\/zonaroja.com.mx\/index.php?rest_route=%2Fwp%2Fv2%2Ftags&post=34229"}],"curies":[{"name":"wp","href":"https:\/\/api.w.org\/{rel}","templated":true}]}}