{"id":34237,"date":"2021-11-13T08:50:00","date_gmt":"2021-11-13T14:50:00","guid":{"rendered":"http:\/\/www.zonaroja.com.mx\/?p=34237"},"modified":"2021-11-12T22:03:35","modified_gmt":"2021-11-13T04:03:35","slug":"maestria-en-derecho-judicial-sera-bilingue-y-con-estancias-en-universidad-de-perugia","status":"publish","type":"post","link":"https:\/\/zonaroja.com.mx\/?p=34237","title":{"rendered":"Maestr\u00eda en Derecho Judicial ser\u00e1 biling\u00fce y con estancias en Universidad de Perugia"},"content":{"rendered":"\n<p>Redacci\u00f3n\/Zona Roja.<\/p>\n\n\n\n<p>Oaxaca de Ju\u00e1rez, Oax., 12 de noviembre de 2021.- La maestr\u00eda en Derecho Judicial, que se impartir\u00e1 a partir del 2022 en conjunto con la Universidad de Perugia, Italia, tiene como objetivo principal no s\u00f3lo formar juristas con una depurada t\u00e9cnica jur\u00eddica, una visi\u00f3n transversal de los derechos humanos, la integraci\u00f3n y globalizaci\u00f3n jur\u00eddicas, sino tambi\u00e9n dotados de una visi\u00f3n prospectiva de la justicia y de la deontolog\u00eda judicial como condiciones insoslayables del quehacer de los juzgadores modernos, afirm\u00f3 el titular del Poder Judicial del Estado, magistrado Eduardo Pinacho S\u00e1nchez.<\/p>\n\n\n\n<p>Resalt\u00f3 que para concretar este programa acad\u00e9mico, el pasado 12 de julio, luego de un cuidadoso trabajo de acercamiento de varios meses se firm\u00f3 un Convenio Marco de Colaboraci\u00f3n entre la Universidad de Perugia y el Poder Judicial, nombr\u00e1ndose Coordinador Acad\u00e9mico de estos esfuerzos al doctor Mario \u00c1lvarez Ledesma, reconocido jurista mexicano que ha participado activamente en diferentes programas de posgrado y es profesor invitado externo, desde hace m\u00e1s de 10 a\u00f1os, de esa casa de estudios.<\/p>\n\n\n\n<p>Asimismo, en el proyecto coadyuv\u00f3 decididamente el doctor Roberto Cippitani, que adem\u00e1s de ser un insigne jurista italiano, C\u00e1tedra Jean Monet varias veces, ha trabajado desde antiguo en m\u00faltiples programas acad\u00e9micos con M\u00e9xico y el resto de Am\u00e9rica Latina, quien se encuentra a cargo de la presidencia y los trabajos del Comit\u00e9 Acad\u00e9mico de la Maestr\u00eda ya fue instalado, coment\u00f3 el titular del Poder Judicial.<\/p>\n\n\n\n<p>Agreg\u00f3 que se trata de un programa internacional conjunto, que ha contado con la extraordinaria disposici\u00f3n y apoyo de los doctores, Andrea Sassi, Stefania Stefanelli y Fabrizio Figorilli, ex vicerrector de dicha universidad italiana y del rector doctor Maurizio Oliviero, por lo tanto, tiene car\u00e1cter biling\u00fce, para ser cursado en dos a\u00f1os distribuidos en cuatro semestres, donde impartir\u00e1n clase destacados profesores europeos y mexicanos, todos experimentados especialistas en sus disciplinas.<\/p>\n\n\n\n<p>Cada semestre, se\u00f1al\u00f3, al menos tres docentes de la Universidad de Perugia dictar\u00e1n c\u00e1tedra en Oaxaca durante varias semanas y las clases podr\u00e1n ser tomadas a distancia. En el \u00faltimo semestre los estudiantes inscritos en la Maestr\u00eda deber\u00e1n cumplir con una estancia profesionalizante de un mes para cursar seminarios y pr\u00e1cticas judiciales tanto en la Universidad de Perugia como en alguna escuela judicial italiana, trabando contacto directo con sus hom\u00f3logos, abrevar de sus experiencias y compartir sus prop\u00f3sitos.<\/p>\n\n\n\n<p>Para la primera generaci\u00f3n se abrir\u00e1n 50 lugares y ser\u00e1 el mes de enero del 2022 cuando se realice formalmente el registro de la matr\u00edcula para iniciar actividades en agosto del mismo a\u00f1o.<\/p>\n","protected":false},"excerpt":{"rendered":"<p>Redacci\u00f3n\/Zona Roja. Oaxaca de Ju\u00e1rez, Oax., 12 de noviembre de 2021.- La maestr\u00eda en Derecho&hellip;<\/p>\n","protected":false},"author":2,"featured_media":34238,"comment_status":"closed","ping_status":"open","sticky":false,"template":"","format":"standard","meta":{"_lmt_disableupdate":"","_lmt_disable":"","_jetpack_memberships_contains_paid_content":false,"footnotes":""},"categories":[109,46],"tags":[223],"class_list":["post-34237","post","type-post","status-publish","format-standard","has-post-thumbnail","hentry","category-minuto-a-minuto","category-zona-blanca","tag-poder-judicial-de-oaxaca"],"jetpack_featured_media_url":"https:\/\/zonaroja.com.mx\/wp-content\/uploads\/2021\/11\/Alistan-detalles-para-inicio-de-la-Maestria.jpg","jetpack_sharing_enabled":true,"_links":{"self":[{"href":"https:\/\/zonaroja.com.mx\/index.php?rest_route=\/wp\/v2\/posts\/34237","targetHints":{"allow":["GET"]}}],"collection":[{"href":"https:\/\/zonaroja.com.mx\/index.php?rest_route=\/wp\/v2\/posts"}],"about":[{"href":"https:\/\/zonaroja.com.mx\/index.php?rest_route=\/wp\/v2\/types\/post"}],"author":[{"embeddable":true,"href":"https:\/\/zonaroja.com.mx\/index.php?rest_route=\/wp\/v2\/users\/2"}],"replies":[{"embeddable":true,"href":"https:\/\/zonaroja.com.mx\/index.php?rest_route=%2Fwp%2Fv2%2Fcomments&post=34237"}],"version-history":[{"count":1,"href":"https:\/\/zonaroja.com.mx\/index.php?rest_route=\/wp\/v2\/posts\/34237\/revisions"}],"predecessor-version":[{"id":34239,"href":"https:\/\/zonaroja.com.mx\/index.php?rest_route=\/wp\/v2\/posts\/34237\/revisions\/34239"}],"wp:featuredmedia":[{"embeddable":true,"href":"https:\/\/zonaroja.com.mx\/index.php?rest_route=\/wp\/v2\/media\/34238"}],"wp:attachment":[{"href":"https:\/\/zonaroja.com.mx\/index.php?rest_route=%2Fwp%2Fv2%2Fmedia&parent=34237"}],"wp:term":[{"taxonomy":"category","embeddable":true,"href":"https:\/\/zonaroja.com.mx\/index.php?rest_route=%2Fwp%2Fv2%2Fcategories&post=34237"},{"taxonomy":"post_tag","embeddable":true,"href":"https:\/\/zonaroja.com.mx\/index.php?rest_route=%2Fwp%2Fv2%2Ftags&post=34237"}],"curies":[{"name":"wp","href":"https:\/\/api.w.org\/{rel}","templated":true}]}}