{"id":3424,"date":"2019-08-26T22:19:55","date_gmt":"2019-08-27T03:19:55","guid":{"rendered":"http:\/\/www.zonaroja.com.mx\/?p=3424"},"modified":"2019-08-26T22:19:58","modified_gmt":"2019-08-27T03:19:58","slug":"se-queja-titular-de-semovi-de-vandalismo-y-robo-pero-no-denuncia","status":"publish","type":"post","link":"https:\/\/zonaroja.com.mx\/?p=3424","title":{"rendered":"Se queja titular de Semovi de vandalismo y robo\u2026 pero no denuncia"},"content":{"rendered":"\n<p>Ismael\nGarc\u00eda M.\/Zona Roja.<\/p>\n\n\n\n<p>Oaxaca de\nJu\u00e1rez, Oax., 26 de agosto de 2019.- \u201c\u00a1Fuera Mariana! \u00a1Exigimos soluci\u00f3n! \u00a1Que\nnos dejen trabajar! \u00a1Nosotros somos aliados del gobernador! \u00a1Devuelvan las\nunidades y cancela que se sigan cometiendo esos atropellos! \u00a1Cu\u00e1nto quieres\npara que nos dejen trabajar!\u201d.<\/p>\n\n\n\n<p>A gritos,\nmanotazos, exigencias y vandalismo, habitantes de Santa Catarina Juquila de la\nasociaci\u00f3n de transportistas \u201cPara\u00edso Juquile\u00f1o\u201d, exigieron en la Secretar\u00eda de\nMovilidad la devoluci\u00f3n de siete unidades de pasajeros, detenidos por irregularidades\npor parte de la Polic\u00eda Vial.<\/p>\n\n\n\n<p>\u201cRociaron gas lacrim\u00f3geno, rompieron puertas para presionar y pedir la liberaci\u00f3n de unidades que fueron retenidas\u201d, adem\u00e1s de agredir al personal, poste\u00f3 la titular de la Semovi, Mariana Nassar Pi\u00f1eyro.<\/p>\n\n\n\n<figure class=\"wp-block-embed-twitter wp-block-embed is-type-rich is-provider-twitter\"><div class=\"wp-block-embed__wrapper\">\n<div class=\"twitter-tweet\"><blockquote class=\"twitter-tweet\" data-lang=\"es\"><p lang=\"es\" dir=\"ltr\">1\/3\u26a0\ufe0fSobre los sucesos que ocurrieron hace un momento. <br>Pobladores de Juquila bloquearon las oficinas de SEMOVI; rociaron gas lacrim\u00f3geno, rompieron puertas para presionar y pedir la liberaci\u00f3n de unidades q fueron retenidas x prestar un servicio ilegal en la ruta Juquila &#8211; Pto.<\/p>&mdash; Mariana Nassar Pi\u00f1eyro (@nassarmariana) <a href=\"https:\/\/twitter.com\/nassarmariana\/status\/1166038756320657408?ref_src=twsrc%5Etfw\">26 de agosto de 2019<\/a><\/blockquote><\/div>\n<\/div><\/figure>\n\n\n\n<p>Sin embargo,\nni los funcionarios ninguneados y agredidos verbal y f\u00edsicamente, ni la propia\nsecretaria, interpusieron alguna denuncia ante la Fiscal\u00eda General del Estado;\n\u00fanicamente plantearon una mesa de di\u00e1logo.<\/p>\n\n\n\n<p>\u201cLa\nSecretar\u00eda de Movilidad (Semovi) condena los hechos violentos, actos de\nvandalismo, as\u00ed como sustracci\u00f3n de objetos personales y material de trabajo\nrealizado por la agrupaci\u00f3n \u2018Para\u00edso Juquile\u00f1o\u2019, quienes irrumpieron en las\noficinas centrales de esta dependencia, por lo cual fue necesaria la presencia\nde elementos de la Polic\u00eda Estatal para resguardar el lugar y salvaguardar la\nintegridad de usuarios y personal que labora en la dependencia\u201d, indic\u00f3 en un\ncomunicado.<\/p>\n\n\n\n<p>Se\u00f1al\u00f3 que\nesta acci\u00f3n se debi\u00f3 a que estas personas solicitan la liberaci\u00f3n de unidades\nde motor que fueron aseguradas por prestar el servicio p\u00fablico de manera\nirregular.<\/p>\n\n\n\n<p>Explic\u00f3 que estos veh\u00edculos cuentan con un permiso federal por parte de la Secretar\u00eda de Comunicaciones y Transportes (SCT) para transporte tur\u00edstico de lujo, sin embargo han incumplido en la Ley estatal, ya que realizan ascenso y descenso del pasaje a lo largo del tramo Juquila \u2013Puerto Escondido, situaci\u00f3n que no les es permitida.<\/p>\n\n\n\n<figure class=\"wp-block-embed-twitter wp-block-embed is-type-rich is-provider-twitter\"><div class=\"wp-block-embed__wrapper\">\n<div class=\"twitter-tweet\"><blockquote class=\"twitter-tweet\" data-lang=\"es\"><p lang=\"es\" dir=\"ltr\"><a href=\"https:\/\/twitter.com\/hashtag\/OaxacaGris?src=hash&amp;ref_src=twsrc%5Etfw\">#OaxacaGris<\/a><br>Apenas autoridades de la <a href=\"https:\/\/twitter.com\/SSP_GobOax?ref_src=twsrc%5Etfw\">@SSP_GobOax<\/a> y la <a href=\"https:\/\/twitter.com\/FISCALIA_GobOax?ref_src=twsrc%5Etfw\">@FISCALIA_GobOax<\/a> presumieron el orden y la legalidad en <a href=\"https:\/\/twitter.com\/hashtag\/Oaxaca?src=hash&amp;ref_src=twsrc%5Etfw\">#Oaxaca<\/a>, as\u00ed como la aplicaci\u00f3n de la ley, cuando transportistas de <a href=\"https:\/\/twitter.com\/hashtag\/Juquila?src=hash&amp;ref_src=twsrc%5Etfw\">#Juquila<\/a> armaron zafarrancho en oficinas de <a href=\"https:\/\/twitter.com\/SEMOVI_GobOax?ref_src=twsrc%5Etfw\">@SEMOVI_GobOax<\/a> y retuvieron al personal. <a href=\"https:\/\/t.co\/4UOlNfrYfy\">pic.twitter.com\/4UOlNfrYfy<\/a><\/p>&mdash; Zona Roja Oaxaca (@MexRoja) <a href=\"https:\/\/twitter.com\/MexRoja\/status\/1166051913961332739?ref_src=twsrc%5Etfw\">26 de agosto de 2019<\/a><\/blockquote><\/div>\n<\/div><\/figure>\n\n\n\n<p>Nassar\nPi\u00f1eyro dijo que se han tenido 15 reuniones en las cuales se les ha expuesto la\nsituaci\u00f3n; es por ello que en los operativos realizados por la Polic\u00eda Vial\nEstatal se han detenido siete unidades que no han cumplido con lo establecido,\nlas cuales han sido puestas a disposici\u00f3n de la Semovi.<\/p>\n\n\n\n<p>\u201cPor lo\nanterior, la Semovi reitera su compromiso de para ofrecer a las y los\noaxaque\u00f1os un transporte seguro, y hace un llamado respetuoso a las y los\ntransportistas para privilegiar el di\u00e1logo que abone a la legalidad en la\nprestaci\u00f3n del servicio p\u00fablico, esto en un clima de paz y respeto, evitando en\ntodo momento las agresiones f\u00edsicas y verbales\u201d, resalta el comunicado.<\/p>\n","protected":false},"excerpt":{"rendered":"<p>Ismael Garc\u00eda M.\/Zona Roja. Oaxaca de Ju\u00e1rez, Oax., 26 de agosto de 2019.- \u201c\u00a1Fuera Mariana!&hellip;<\/p>\n","protected":false},"author":2,"featured_media":3425,"comment_status":"closed","ping_status":"open","sticky":false,"template":"","format":"standard","meta":{"_lmt_disableupdate":"","_lmt_disable":"","_jetpack_memberships_contains_paid_content":false,"footnotes":""},"categories":[109,51],"tags":[625,624],"class_list":["post-3424","post","type-post","status-publish","format-standard","has-post-thumbnail","hentry","category-minuto-a-minuto","category-zona-roja","tag-paraiso-juquileno","tag-secretaria-de-movilidad"],"jetpack_featured_media_url":"https:\/\/zonaroja.com.mx\/wp-content\/uploads\/2019\/08\/Vandalismo-Semovi.jpg","jetpack_sharing_enabled":true,"_links":{"self":[{"href":"https:\/\/zonaroja.com.mx\/index.php?rest_route=\/wp\/v2\/posts\/3424","targetHints":{"allow":["GET"]}}],"collection":[{"href":"https:\/\/zonaroja.com.mx\/index.php?rest_route=\/wp\/v2\/posts"}],"about":[{"href":"https:\/\/zonaroja.com.mx\/index.php?rest_route=\/wp\/v2\/types\/post"}],"author":[{"embeddable":true,"href":"https:\/\/zonaroja.com.mx\/index.php?rest_route=\/wp\/v2\/users\/2"}],"replies":[{"embeddable":true,"href":"https:\/\/zonaroja.com.mx\/index.php?rest_route=%2Fwp%2Fv2%2Fcomments&post=3424"}],"version-history":[{"count":1,"href":"https:\/\/zonaroja.com.mx\/index.php?rest_route=\/wp\/v2\/posts\/3424\/revisions"}],"predecessor-version":[{"id":3426,"href":"https:\/\/zonaroja.com.mx\/index.php?rest_route=\/wp\/v2\/posts\/3424\/revisions\/3426"}],"wp:featuredmedia":[{"embeddable":true,"href":"https:\/\/zonaroja.com.mx\/index.php?rest_route=\/wp\/v2\/media\/3425"}],"wp:attachment":[{"href":"https:\/\/zonaroja.com.mx\/index.php?rest_route=%2Fwp%2Fv2%2Fmedia&parent=3424"}],"wp:term":[{"taxonomy":"category","embeddable":true,"href":"https:\/\/zonaroja.com.mx\/index.php?rest_route=%2Fwp%2Fv2%2Fcategories&post=3424"},{"taxonomy":"post_tag","embeddable":true,"href":"https:\/\/zonaroja.com.mx\/index.php?rest_route=%2Fwp%2Fv2%2Ftags&post=3424"}],"curies":[{"name":"wp","href":"https:\/\/api.w.org\/{rel}","templated":true}]}}