{"id":34244,"date":"2021-11-13T07:14:15","date_gmt":"2021-11-13T13:14:15","guid":{"rendered":"http:\/\/www.zonaroja.com.mx\/?p=34244"},"modified":"2021-11-13T07:52:11","modified_gmt":"2021-11-13T13:52:11","slug":"vinculan-a-proceso-a-ex-diputado-gustavo-d-s","status":"publish","type":"post","link":"https:\/\/zonaroja.com.mx\/?p=34244","title":{"rendered":"Vinculan a proceso a ex diputado Gustavo D. S."},"content":{"rendered":"\n<p>Ismael Garc\u00eda M.\/Zona Roja.<\/p>\n\n\n\n<p>Oaxaca de Ju\u00e1rez, Oax., 13 de noviembre de 2021.- La madrugada de este s\u00e1bado, la Fiscal\u00eda General del Estado de Veracruz logr\u00f3 que un juez de la causa vinculara a proceso al ahora ex diputado local por el PRI, Gustavo D. S., por los delitos de ultrajes a la autoridad, da\u00f1os y delitos contra la salud.<\/p>\n\n\n\n<p>Por lo tanto, no podr\u00e1 asumir el cargo este s\u00e1bado, en que se instala la 65 Legislatura del Estado de Oaxaca, pues hab\u00eda ganado la reelecci\u00f3n, en los comicios del pasado 6 de junio.<\/p>\n\n\n\n<p>En tanto, su hijo Jos\u00e9 Alberto \u201cN\u201d y quien lo acompa\u00f1aba, Oliver \u201cN\u201d, fueron vinculados a proceso ayer, y de manera preliminar est\u00e1n se\u00f1alados por los delitos de lesiones, delitos contra la salud, da\u00f1os dolosos y contra las instituciones de seguridad p\u00fablica.<\/p>\n\n\n\n<p>Estos dos \u00faltimos fueron detenidos por la Fuerza Civil el jueves 4 de noviembre, presuntamente en flagrancia, cuando se hallaban en territorio veracruzano, tras cruzar de Cosolapa, Oaxaca, a Tezonapa.<\/p>\n\n\n\n<p>Al enterarse de ello, el entonces legislador priista, Gustavo D. S., acudi\u00f3 a su b\u00fasqueda y rescate, a la sede de Seguridad P\u00fablica ubicado en El Fort\u00edn de las Flores, donde tambi\u00e9n fue detenido y encarcelado.<\/p>\n","protected":false},"excerpt":{"rendered":"<p>Ismael Garc\u00eda M.\/Zona Roja. Oaxaca de Ju\u00e1rez, Oax., 13 de noviembre de 2021.- La madrugada&hellip;<\/p>\n","protected":false},"author":2,"featured_media":34245,"comment_status":"closed","ping_status":"open","sticky":false,"template":"","format":"standard","meta":{"_lmt_disableupdate":"","_lmt_disable":"","_jetpack_memberships_contains_paid_content":false,"footnotes":""},"categories":[109,47],"tags":[671],"class_list":["post-34244","post","type-post","status-publish","format-standard","has-post-thumbnail","hentry","category-minuto-a-minuto","category-zona-gris","tag-gustavo-diaz-sanchez"],"jetpack_featured_media_url":"https:\/\/zonaroja.com.mx\/wp-content\/uploads\/2021\/11\/Gustavo-Diaz-Sanchez-vinculado-a-proceso.jpg","jetpack_sharing_enabled":true,"_links":{"self":[{"href":"https:\/\/zonaroja.com.mx\/index.php?rest_route=\/wp\/v2\/posts\/34244","targetHints":{"allow":["GET"]}}],"collection":[{"href":"https:\/\/zonaroja.com.mx\/index.php?rest_route=\/wp\/v2\/posts"}],"about":[{"href":"https:\/\/zonaroja.com.mx\/index.php?rest_route=\/wp\/v2\/types\/post"}],"author":[{"embeddable":true,"href":"https:\/\/zonaroja.com.mx\/index.php?rest_route=\/wp\/v2\/users\/2"}],"replies":[{"embeddable":true,"href":"https:\/\/zonaroja.com.mx\/index.php?rest_route=%2Fwp%2Fv2%2Fcomments&post=34244"}],"version-history":[{"count":2,"href":"https:\/\/zonaroja.com.mx\/index.php?rest_route=\/wp\/v2\/posts\/34244\/revisions"}],"predecessor-version":[{"id":34247,"href":"https:\/\/zonaroja.com.mx\/index.php?rest_route=\/wp\/v2\/posts\/34244\/revisions\/34247"}],"wp:featuredmedia":[{"embeddable":true,"href":"https:\/\/zonaroja.com.mx\/index.php?rest_route=\/wp\/v2\/media\/34245"}],"wp:attachment":[{"href":"https:\/\/zonaroja.com.mx\/index.php?rest_route=%2Fwp%2Fv2%2Fmedia&parent=34244"}],"wp:term":[{"taxonomy":"category","embeddable":true,"href":"https:\/\/zonaroja.com.mx\/index.php?rest_route=%2Fwp%2Fv2%2Fcategories&post=34244"},{"taxonomy":"post_tag","embeddable":true,"href":"https:\/\/zonaroja.com.mx\/index.php?rest_route=%2Fwp%2Fv2%2Ftags&post=34244"}],"curies":[{"name":"wp","href":"https:\/\/api.w.org\/{rel}","templated":true}]}}