{"id":34249,"date":"2021-11-13T09:54:56","date_gmt":"2021-11-13T15:54:56","guid":{"rendered":"https:\/\/www.zonaroja.com.mx\/?p=34249"},"modified":"2021-11-13T10:14:28","modified_gmt":"2021-11-13T16:14:28","slug":"anuncian-chiapanecos-grupo-armado-para-defender-territorio-chimalapas","status":"publish","type":"post","link":"https:\/\/zonaroja.com.mx\/?p=34249","title":{"rendered":"Anuncian chiapanecos grupo armado para defender territorio Chimalapas"},"content":{"rendered":"\n<p>Evlin Arag\u00f3n\/Zona Roja.<\/p>\n\n\n\n<p>Oaxaca de Ju\u00e1rez, Oax., 13 de noviembre de 2021.-&nbsp;Habitantes de la comunidad Rafael Cal y Mayor, perteneciente al municipio de Cintalapa, Chiapas, anunciaron la creaci\u00f3n de un grupo de autodefensa fuertemente armado, que ser\u00e1 el encargado de evitar que su comunidad forme parte del territorio oaxaque\u00f1o.<\/p>\n\n\n\n<p>Lo anterior luego de la resoluci\u00f3n de la Suprema Corte de Justicia de la Naci\u00f3n (SCJN) a favor de San Miguel y Santa Mar\u00eda Chimalapas, Oaxaca.&nbsp;<\/p>\n\n\n\n<p>As\u00ed lo informaron medios de comunicaci\u00f3n del estado vecino como \u201cChiapas Press\u201d, \u201cMeridiano 90\u201d y \u201cHorizonte Chiapas\u201d, los cuales han recibido cientos de mensajes a favor de la defensa del territorio por medio de las armas.&nbsp;<\/p>\n\n\n\n<p>El grupo, conformado por de decenas de hombres, se hace llamar Defensa Comunitaria y aseguran que fue creado con el objetivo de pelear por su patrimonio y no permitir que Oaxaca se quede con un cent\u00edmetro de sus tierras, debido a la pugna de hace d\u00e9cadas.&nbsp;&nbsp;<\/p>\n\n\n\n<p>\u201cJam\u00e1s pensamos en tener que hacerlo, pero defenderemos con nuestra vida nuestro territorio y nuestro origen chiapaneco\u201d, dijo Heriberto Cruz, presidente del Comisariado de Rafael Cal y Mayor.&nbsp;&nbsp;<\/p>\n\n\n\n<p>La autoridad cuestion\u00f3 el silencio del gobernador chiapaneco, Rutilio Escand\u00f3n Cadenas, as\u00ed como de los legisladores federales con respecto a la resoluci\u00f3n de la SCJN, de ah\u00ed que asegur\u00f3 ser\u00e1n ellos mismos quienes defiendan la tierra que es la herencia de sus ancestros.  <\/p>\n\n\n\n<p>Explic\u00f3 que de ninguna manera aceptar\u00e1n el fallo de la Suprema Corte toda vez que sus argumentos se basaron en informaci\u00f3n y peritajes recientes, no as\u00ed en los mojones hist\u00f3ricos que demarcaban la Nueva Espa\u00f1a y la Capitan\u00eda General de Guatemala, a donde Chiapas perteneci\u00f3.&nbsp;&nbsp;<\/p>\n\n\n\n<p>La violencia est\u00e1 latente en la zona lim\u00edtrofe de Oaxaca y Chiapas, ya que tambi\u00e9n el pasado&nbsp;jueves por la noche&nbsp;Lucio M\u00e1rquez Ortiz, ejidatario de Las Merceditas, otra comunidad perteneciente al municipio de Cintalapa, inform\u00f3 que no permitir\u00e1n que personas ajenas, que nunca han habitado en la zona, se quieran apropiar de su territorio.&nbsp;<\/p>\n\n\n\n<p>\u201cSi nuestras autoridades no determinan a favor de quienes tienen la raz\u00f3n, la posesi\u00f3n y son los verdaderos due\u00f1os de este territorio chiapaneco, pues tendr\u00e1 que haber derramamiento de sangre, porque nosotros no vamos a permitir que gentes ajenas que nunca han vivido en este lugar vengan a quererse posicionar de nuestro territorio, de nuestras parcelas y de todo el municipio de Cintalapa, Chiapas\u201d, dijo.&nbsp;&nbsp;<\/p>\n\n\n\n<p>Tambi\u00e9n lament\u00f3 la falta de atenci\u00f3n por parte de las autoridades, toda vez que ninguna ha respaldado su lucha en defensa de su territorio. <\/p>\n","protected":false},"excerpt":{"rendered":"<p>Evlin Arag\u00f3n\/Zona Roja. Oaxaca de Ju\u00e1rez, Oax., 13 de noviembre de 2021.-&nbsp;Habitantes de la comunidad&hellip;<\/p>\n","protected":false},"author":2,"featured_media":34248,"comment_status":"closed","ping_status":"open","sticky":false,"template":"","format":"standard","meta":{"_lmt_disableupdate":"","_lmt_disable":"","_jetpack_memberships_contains_paid_content":false,"footnotes":""},"categories":[109,47],"tags":[2949],"class_list":["post-34249","post","type-post","status-publish","format-standard","has-post-thumbnail","hentry","category-minuto-a-minuto","category-zona-gris","tag-controversia-constitucional-chimalapas"],"jetpack_featured_media_url":"https:\/\/zonaroja.com.mx\/wp-content\/uploads\/2021\/11\/img_3017.jpg","jetpack_sharing_enabled":true,"_links":{"self":[{"href":"https:\/\/zonaroja.com.mx\/index.php?rest_route=\/wp\/v2\/posts\/34249","targetHints":{"allow":["GET"]}}],"collection":[{"href":"https:\/\/zonaroja.com.mx\/index.php?rest_route=\/wp\/v2\/posts"}],"about":[{"href":"https:\/\/zonaroja.com.mx\/index.php?rest_route=\/wp\/v2\/types\/post"}],"author":[{"embeddable":true,"href":"https:\/\/zonaroja.com.mx\/index.php?rest_route=\/wp\/v2\/users\/2"}],"replies":[{"embeddable":true,"href":"https:\/\/zonaroja.com.mx\/index.php?rest_route=%2Fwp%2Fv2%2Fcomments&post=34249"}],"version-history":[{"count":2,"href":"https:\/\/zonaroja.com.mx\/index.php?rest_route=\/wp\/v2\/posts\/34249\/revisions"}],"predecessor-version":[{"id":34251,"href":"https:\/\/zonaroja.com.mx\/index.php?rest_route=\/wp\/v2\/posts\/34249\/revisions\/34251"}],"wp:featuredmedia":[{"embeddable":true,"href":"https:\/\/zonaroja.com.mx\/index.php?rest_route=\/wp\/v2\/media\/34248"}],"wp:attachment":[{"href":"https:\/\/zonaroja.com.mx\/index.php?rest_route=%2Fwp%2Fv2%2Fmedia&parent=34249"}],"wp:term":[{"taxonomy":"category","embeddable":true,"href":"https:\/\/zonaroja.com.mx\/index.php?rest_route=%2Fwp%2Fv2%2Fcategories&post=34249"},{"taxonomy":"post_tag","embeddable":true,"href":"https:\/\/zonaroja.com.mx\/index.php?rest_route=%2Fwp%2Fv2%2Ftags&post=34249"}],"curies":[{"name":"wp","href":"https:\/\/api.w.org\/{rel}","templated":true}]}}