{"id":34268,"date":"2021-11-14T10:49:46","date_gmt":"2021-11-14T16:49:46","guid":{"rendered":"https:\/\/www.zonaroja.com.mx\/?p=34268"},"modified":"2021-11-14T10:49:50","modified_gmt":"2021-11-14T16:49:50","slug":"hallan-en-oaxaca-fosa-clandestina-con-tres-cuerpos-de-secuestrados","status":"publish","type":"post","link":"https:\/\/zonaroja.com.mx\/?p=34268","title":{"rendered":"Hallan en Oaxaca fosa clandestina con tres cuerpos de secuestrados"},"content":{"rendered":"\n<p> Redacci\u00f3n\/AM-PM Oaxaca. <\/p>\n\n\n\n<p>Oaxaca de Ju\u00e1rez, Oax., 14 de noviembre de 2021.- La Fiscal\u00eda General del Estado de Oaxaca (FGEO) confirm\u00f3 la localizaci\u00f3n de una fosa clandestina, con tres cuerpos, de personas que hab\u00edan sido secu\u00e9stralas. <\/p>\n\n\n\n<p>Ello durante un cateo que realiz\u00f3 la tarde-noche del pasado viernes en un domicilio particular de Santa Gertrudis, Zimatl\u00e1n, regi\u00f3n de Valles Centrales de Oaxaca.<\/p>\n\n\n\n<p>La FGEO dio a conocer que derivado del cuaderno de antecedentes 000260\/2021 autorizado por la Jueza de Control del Circuito Judicial de Valles Centrales, la Fiscal\u00eda Especializada para la Atenci\u00f3n a Delitos de Alto Impacto, a trav\u00e9s de la Agencia Estatal de Investigaciones (AEI), realiz\u00f3 el operativo discreto en un c\u00e9ntrico domicilio de esta poblaci\u00f3n.<\/p>\n\n\n\n<p>Participaron en el cateo, peritos en criminal\u00edstica, planimetr\u00eda, fotograf\u00eda, as\u00ed como el apoyo de un binomio canino, precis\u00f3 la instituci\u00f3n.Fue en el patio del inmueble donde se localiz\u00f3 una fosa clandestina y en ella los cuerpos sin vida de tres personas, los cuales fueron remitidos a servicios periciales para efecto de que se determine, sexo, edad aproximada y la causa de sus muertes.<\/p>\n\n\n\n<p>Por estos hechos, la FGEO inici\u00f3 la carpeta de investigaci\u00f3n 37258\/FDAI\/UEIH\/2021 por el delito de homicidio en contra de quien o quienes resulten responsables.Seg\u00fan elementos policiacos, se investigan estos hechos con la desaparici\u00f3n de unas personas ocurridas hace unos d\u00edas en esta zona, donde adem\u00e1s han ocurrido una serie de asaltos y robos o extorsiones.<\/p>\n\n\n\n<p>De acuerdo con el Secretariado Ejecutivo del Sistema Nacional de Seguridad P\u00fablica (SESNSP), de enero a septiembre de este a\u00f1o, se cometieron 169 delitos contra la libertad personal, de los cuales 19 fueron por secuestro.<\/p>\n\n\n\n<p>En enero ocurrieron dos secuestros, en febrero 2, en marzo 0, en abril 3, en mayo 1, en junio 3, en julio 2, en agosto 4 y en septiembre 2.<\/p>\n\n\n\n<p>EL TRASCENDIDO <\/p>\n\n\n\n<p>La FGEO no confirm\u00f3 anoche esta versi\u00f3n, pero trascendi\u00f3 que este caso podr\u00eda estar relacionado, con el secuestro  de J. A. M. V., cometido en septiembre de 2021, en jurisdicci\u00f3n de San Sim\u00f3n Almolongas, Distrito de Miahuatl\u00e1n.<\/p>\n\n\n\n<p>De acuerdo con la carpeta de investigaci\u00f3n 31089\/FDAI\/UECS\/2021, los hechos ocurrieron el 20 de septiembre de 2021, cuando la v\u00edctima sali\u00f3 de su domicilio ubicado en San Sim\u00f3n Almolongas, para realizar un servicio de transporte a una persona a quien llevar\u00eda a Santa Cruz Xoxocotl\u00e1n.<\/p>\n\n\n\n<p>Sin embargo, horas despu\u00e9s, familiares de la v\u00edctima recibieron llamadas telef\u00f3nicas de sujetos desconocidos, quienes exigieron una fuerte suma de dinero a cambio de su liberaci\u00f3n, sin que a la fecha se conozca su paradero.<\/p>\n\n\n\n<p>Por este caso, recientemente la FGEO efectu\u00f3 la aprehensi\u00f3n y presentaci\u00f3n ante el Juez de la persona del sexo masculino identificada como M. G. V. H., como probable responsable del delito de secuestro agravado.En audiencia, el imputado solicit\u00f3 ampliaci\u00f3n del t\u00e9rmino constitucional, mismo que fenece el pr\u00f3ximo 17 de noviembre del a\u00f1o en curso, quedando en tanto en prisi\u00f3n preventiva.<\/p>\n","protected":false},"excerpt":{"rendered":"<p>Redacci\u00f3n\/AM-PM Oaxaca. Oaxaca de Ju\u00e1rez, Oax., 14 de noviembre de 2021.- La Fiscal\u00eda General del&hellip;<\/p>\n","protected":false},"author":2,"featured_media":23170,"comment_status":"closed","ping_status":"open","sticky":false,"template":"","format":"standard","meta":{"_lmt_disableupdate":"","_lmt_disable":"","_jetpack_memberships_contains_paid_content":false,"footnotes":""},"categories":[109,47],"tags":[],"class_list":["post-34268","post","type-post","status-publish","format-standard","has-post-thumbnail","hentry","category-minuto-a-minuto","category-zona-gris"],"jetpack_featured_media_url":"https:\/\/zonaroja.com.mx\/wp-content\/uploads\/2021\/02\/Agencia-AEI-2.jpg","jetpack_sharing_enabled":true,"_links":{"self":[{"href":"https:\/\/zonaroja.com.mx\/index.php?rest_route=\/wp\/v2\/posts\/34268","targetHints":{"allow":["GET"]}}],"collection":[{"href":"https:\/\/zonaroja.com.mx\/index.php?rest_route=\/wp\/v2\/posts"}],"about":[{"href":"https:\/\/zonaroja.com.mx\/index.php?rest_route=\/wp\/v2\/types\/post"}],"author":[{"embeddable":true,"href":"https:\/\/zonaroja.com.mx\/index.php?rest_route=\/wp\/v2\/users\/2"}],"replies":[{"embeddable":true,"href":"https:\/\/zonaroja.com.mx\/index.php?rest_route=%2Fwp%2Fv2%2Fcomments&post=34268"}],"version-history":[{"count":1,"href":"https:\/\/zonaroja.com.mx\/index.php?rest_route=\/wp\/v2\/posts\/34268\/revisions"}],"predecessor-version":[{"id":34269,"href":"https:\/\/zonaroja.com.mx\/index.php?rest_route=\/wp\/v2\/posts\/34268\/revisions\/34269"}],"wp:featuredmedia":[{"embeddable":true,"href":"https:\/\/zonaroja.com.mx\/index.php?rest_route=\/wp\/v2\/media\/23170"}],"wp:attachment":[{"href":"https:\/\/zonaroja.com.mx\/index.php?rest_route=%2Fwp%2Fv2%2Fmedia&parent=34268"}],"wp:term":[{"taxonomy":"category","embeddable":true,"href":"https:\/\/zonaroja.com.mx\/index.php?rest_route=%2Fwp%2Fv2%2Fcategories&post=34268"},{"taxonomy":"post_tag","embeddable":true,"href":"https:\/\/zonaroja.com.mx\/index.php?rest_route=%2Fwp%2Fv2%2Ftags&post=34268"}],"curies":[{"name":"wp","href":"https:\/\/api.w.org\/{rel}","templated":true}]}}