{"id":3427,"date":"2019-08-26T22:35:36","date_gmt":"2019-08-27T03:35:36","guid":{"rendered":"http:\/\/www.zonaroja.com.mx\/?p=3427"},"modified":"2019-08-26T22:35:38","modified_gmt":"2019-08-27T03:35:38","slug":"disputan-dos-bandas-territorio-de-drogas-en-ozolotepec-pero-no-hay-investigacion","status":"publish","type":"post","link":"https:\/\/zonaroja.com.mx\/?p=3427","title":{"rendered":"Disputan dos bandas territorio de drogas en Ozolotepec\u2026 pero no hay investigaci\u00f3n"},"content":{"rendered":"\n<p>Ismael\nGarc\u00eda M.\/Zona Roja.<\/p>\n\n\n\n<p>Oaxaca de\nJu\u00e1rez, Oax., 26 de agosto de 2019.- Dos grupos del crimen organizado disputan\nterritorio de siembra de estupefacientes en monta\u00f1as de San Marcial Ozolotepec,\nlo cual ser\u00eda el origen de la masacre perpetrada el pasado 23 de agosto, con\nsaldo de cinco personas ejecutadas a balazos.<\/p>\n\n\n\n<p>\u201cEn virtud\nde eventos pasados, efectivamente tenemos dos grupos espec\u00edficamente que, en\nesa zona, en virtud del tema de conquista de algunos mercados, espec\u00edficamente\ndel narcomenudeo, se disputan en este momento el territorio\u201d, dijo este lunes\nel titular de la Fiscal\u00eda General del Estado, Rub\u00e9n Vasconcelos M\u00e9ndez.<\/p>\n\n\n\n<p>Sin embargo, a la fecha no han podido iniciar las investigaciones; \u201ctenemos hasta este momento tres personas v\u00edctimas de homicidio, dos desaparecidas, dos lesionados\u2026 vamos a desplegar m\u00e1s personal pronto en la zona, para dar con los responsables.<\/p>\n\n\n\n<figure class=\"wp-block-embed-twitter wp-block-embed is-type-rich is-provider-twitter\"><div class=\"wp-block-embed__wrapper\">\n<div class=\"twitter-tweet\"><blockquote class=\"twitter-tweet\" data-lang=\"es\"><p lang=\"es\" dir=\"ltr\"><a href=\"https:\/\/twitter.com\/hashtag\/OaxacaRojo?src=hash&amp;ref_src=twsrc%5Etfw\">#OaxacaRojo<\/a><br>Caso masacre en San Marcial Ozolotepec: \u201cdos grupos\u201d se disputan el territorio \u201cen virtud del tema de conquista de algunos mercados\u201d, asegura <a href=\"https:\/\/twitter.com\/FISCALIA_GobOax?ref_src=twsrc%5Etfw\">@FISCALIA_GobOax<\/a> <a href=\"https:\/\/twitter.com\/RVasconcelosM?ref_src=twsrc%5Etfw\">@RVasconcelosM<\/a>, pero reduce los hechos  a \u201cnarcomenudeo\u201d. <a href=\"https:\/\/t.co\/0KRTXjQWpT\">pic.twitter.com\/0KRTXjQWpT<\/a><\/p>&mdash; Zona Roja Oaxaca (@MexRoja) <a href=\"https:\/\/twitter.com\/MexRoja\/status\/1166036007122325506?ref_src=twsrc%5Etfw\">26 de agosto de 2019<\/a><\/blockquote><\/div>\n<\/div><\/figure>\n\n\n\n<p>\u201cEstamos\nesperando declaraciones espec\u00edficas, la propia familia, personas de la\ncomunidad nos han pedido que pase el duelo, pero esta semana nosotros estaremos\ningresando en la comunidad y realizando entrevistas, inspecciones y actuaciones\u201d,\njustific\u00f3.<\/p>\n\n\n\n<p>El ataque\npor parte de al menos 14 personas con armas de grueso calibre que viajaban en\ndos camionetas de reciente modelo, se comenz\u00f3 a perpetrar cerca de la media\nnoche del jueves y concluy\u00f3 pasada en la primera hora del viernes. <\/p>\n\n\n\n<p>La Fiscal\u00eda\nse ha negado a reconocer que los dos desaparecidos ya est\u00e1n muertos, lo cual\nfue confirmado por la autoridad de San Marcial Ozolotepec.<\/p>\n","protected":false},"excerpt":{"rendered":"<p>Ismael Garc\u00eda M.\/Zona Roja. Oaxaca de Ju\u00e1rez, Oax., 26 de agosto de 2019.- Dos grupos&hellip;<\/p>\n","protected":false},"author":2,"featured_media":3428,"comment_status":"closed","ping_status":"open","sticky":false,"template":"","format":"standard","meta":{"_lmt_disableupdate":"","_lmt_disable":"","_jetpack_memberships_contains_paid_content":false,"footnotes":""},"categories":[109,51],"tags":[494,606],"class_list":["post-3427","post","type-post","status-publish","format-standard","has-post-thumbnail","hentry","category-minuto-a-minuto","category-zona-roja","tag-fiscalia-general-del-estado-de-oaxaca","tag-san-marcial-ozolotepec"],"jetpack_featured_media_url":"https:\/\/zonaroja.com.mx\/wp-content\/uploads\/2019\/08\/San-Marcial-Ozolotepec-1.jpg","jetpack_sharing_enabled":true,"_links":{"self":[{"href":"https:\/\/zonaroja.com.mx\/index.php?rest_route=\/wp\/v2\/posts\/3427","targetHints":{"allow":["GET"]}}],"collection":[{"href":"https:\/\/zonaroja.com.mx\/index.php?rest_route=\/wp\/v2\/posts"}],"about":[{"href":"https:\/\/zonaroja.com.mx\/index.php?rest_route=\/wp\/v2\/types\/post"}],"author":[{"embeddable":true,"href":"https:\/\/zonaroja.com.mx\/index.php?rest_route=\/wp\/v2\/users\/2"}],"replies":[{"embeddable":true,"href":"https:\/\/zonaroja.com.mx\/index.php?rest_route=%2Fwp%2Fv2%2Fcomments&post=3427"}],"version-history":[{"count":1,"href":"https:\/\/zonaroja.com.mx\/index.php?rest_route=\/wp\/v2\/posts\/3427\/revisions"}],"predecessor-version":[{"id":3429,"href":"https:\/\/zonaroja.com.mx\/index.php?rest_route=\/wp\/v2\/posts\/3427\/revisions\/3429"}],"wp:featuredmedia":[{"embeddable":true,"href":"https:\/\/zonaroja.com.mx\/index.php?rest_route=\/wp\/v2\/media\/3428"}],"wp:attachment":[{"href":"https:\/\/zonaroja.com.mx\/index.php?rest_route=%2Fwp%2Fv2%2Fmedia&parent=3427"}],"wp:term":[{"taxonomy":"category","embeddable":true,"href":"https:\/\/zonaroja.com.mx\/index.php?rest_route=%2Fwp%2Fv2%2Fcategories&post=3427"},{"taxonomy":"post_tag","embeddable":true,"href":"https:\/\/zonaroja.com.mx\/index.php?rest_route=%2Fwp%2Fv2%2Ftags&post=3427"}],"curies":[{"name":"wp","href":"https:\/\/api.w.org\/{rel}","templated":true}]}}