{"id":3430,"date":"2019-08-26T23:00:11","date_gmt":"2019-08-27T04:00:11","guid":{"rendered":"http:\/\/www.zonaroja.com.mx\/?p=3430"},"modified":"2019-08-26T23:00:14","modified_gmt":"2019-08-27T04:00:14","slug":"vive-oaxaca-otra-jornada-violenta-un-ejecutado-y-dos-asaltos","status":"publish","type":"post","link":"https:\/\/zonaroja.com.mx\/?p=3430","title":{"rendered":"Vive Oaxaca otra jornada violenta: un ejecutado y dos asaltos"},"content":{"rendered":"\n<p>Redacci\u00f3n\/Zona\nRoja.<\/p>\n\n\n\n<p>Oaxaca de\nJu\u00e1rez, Oax., 26 de agosto de 2019.- Una persona ejecutada a balazos y dos\nasaltos cuantiosos, es el saldo de la jornada violenta de este lunes en Oaxaca.\n<\/p>\n\n\n\n<p>Minutos\ndespu\u00e9s de las tres de la tarde en la colonia El Rub\u00ed de San Juan Bautista\nTuxtepec, fue ultimado a balazos un individuo, identificado como Margarito\nEcheverr\u00eda L\u00f3pez, de aproximadamente 33 a\u00f1os de edad.<\/p>\n\n\n\n<p>El hombre\nera de oficio mec\u00e1nico y ten\u00eda su domicilio en la colonia El Progreso; hasta el\nmomento las autoridades ministeriales no tienen mayores datos acerca del o los\nautores del asesinato ocurrido en el interior del taller mec\u00e1nico, ubicado en\nla avenida Diamante.<\/p>\n\n\n\n<p>Minutos\nantes de esa hora pero en la capital del estado, dos sujetos armados y a bordo\nde una motocicleta, asaltaron a un cuentahabiente en pleno Centro Hist\u00f3rico.<\/p>\n\n\n\n<p>Fue en la\ncalle de 20 de Noviembre esquina con Aldama, a unas tres cuadras del z\u00f3calo, en\nque perpetr\u00f3 el atraco, por un monto de 20 mil pesos.<\/p>\n\n\n\n<p>A tanto, en\nJuchit\u00e1n de Zaragoza se report\u00f3 el robo de dos camiones de carga de mercanc\u00eda,\nde la marca Sabritas.<\/p>\n\n\n\n<p>El delito\nocurri\u00f3 en el crucero de la carretera Internacional y acceso a la ciudad y\nhasta el momento no hay pistas de las unidades de motor.<\/p>\n\n\n\n<p>Por la\nma\u00f1ana, el secretario de Seguridad P\u00fablica, Ernesto Rosales Salcedo, dijo en\nconferencia de prensa que se han reforzado los operativos; \u201cdespu\u00e9s de un\ntrabajo de inteligencia, las fuerzas policiales implementaron operativos\ncoordinados con la Guardia Nacional e instancias de los tres \u00f3rdenes de\ngobierno, generando espacios seguros mediante un operativo llamado \u2018Fortaleza\nInstitucional\u2019\u00bb.<\/p>\n\n\n\n<p>Seg\u00fan el\nGobierno del Estado, \u201cEn comparaci\u00f3n con el bimestre anterior, en los meses de\njulio y agosto de 2019 se ha registrado una disminuci\u00f3n significativa en la\ncomisi\u00f3n de casi todos los delitos de alto impacto (homicidio doloso,\nsecuestro, robo a transe\u00fante, robo a casa habitaci\u00f3n, robo a comercio, robo de\nveh\u00edculo, lesi\u00f3n con arma de fuego y lesi\u00f3n con arma blanca). <\/p>\n\n\n\n<p>\u201cSobresale\nla disminuci\u00f3n del 53.3% en los secuestros, del 27.5% en los homicidios dolosos\ny del 28.8% en robo de veh\u00edculos\u201d, dijo en un comunicado.<\/p>\n","protected":false},"excerpt":{"rendered":"<p>Redacci\u00f3n\/Zona Roja. Oaxaca de Ju\u00e1rez, Oax., 26 de agosto de 2019.- Una persona ejecutada a&hellip;<\/p>\n","protected":false},"author":2,"featured_media":3431,"comment_status":"closed","ping_status":"open","sticky":false,"template":"","format":"standard","meta":{"_lmt_disableupdate":"","_lmt_disable":"","_jetpack_memberships_contains_paid_content":false,"footnotes":""},"categories":[109,51],"tags":[118],"class_list":["post-3430","post","type-post","status-publish","format-standard","has-post-thumbnail","hentry","category-minuto-a-minuto","category-zona-roja","tag-san-juan-bautista-tuxtepec"],"jetpack_featured_media_url":"https:\/\/zonaroja.com.mx\/wp-content\/uploads\/2019\/08\/Asalto-Tuxtepec.jpg","jetpack_sharing_enabled":true,"_links":{"self":[{"href":"https:\/\/zonaroja.com.mx\/index.php?rest_route=\/wp\/v2\/posts\/3430","targetHints":{"allow":["GET"]}}],"collection":[{"href":"https:\/\/zonaroja.com.mx\/index.php?rest_route=\/wp\/v2\/posts"}],"about":[{"href":"https:\/\/zonaroja.com.mx\/index.php?rest_route=\/wp\/v2\/types\/post"}],"author":[{"embeddable":true,"href":"https:\/\/zonaroja.com.mx\/index.php?rest_route=\/wp\/v2\/users\/2"}],"replies":[{"embeddable":true,"href":"https:\/\/zonaroja.com.mx\/index.php?rest_route=%2Fwp%2Fv2%2Fcomments&post=3430"}],"version-history":[{"count":1,"href":"https:\/\/zonaroja.com.mx\/index.php?rest_route=\/wp\/v2\/posts\/3430\/revisions"}],"predecessor-version":[{"id":3432,"href":"https:\/\/zonaroja.com.mx\/index.php?rest_route=\/wp\/v2\/posts\/3430\/revisions\/3432"}],"wp:featuredmedia":[{"embeddable":true,"href":"https:\/\/zonaroja.com.mx\/index.php?rest_route=\/wp\/v2\/media\/3431"}],"wp:attachment":[{"href":"https:\/\/zonaroja.com.mx\/index.php?rest_route=%2Fwp%2Fv2%2Fmedia&parent=3430"}],"wp:term":[{"taxonomy":"category","embeddable":true,"href":"https:\/\/zonaroja.com.mx\/index.php?rest_route=%2Fwp%2Fv2%2Fcategories&post=3430"},{"taxonomy":"post_tag","embeddable":true,"href":"https:\/\/zonaroja.com.mx\/index.php?rest_route=%2Fwp%2Fv2%2Ftags&post=3430"}],"curies":[{"name":"wp","href":"https:\/\/api.w.org\/{rel}","templated":true}]}}