{"id":34302,"date":"2021-11-15T08:00:00","date_gmt":"2021-11-15T14:00:00","guid":{"rendered":"http:\/\/www.zonaroja.com.mx\/?p=34302"},"modified":"2021-11-14T18:53:35","modified_gmt":"2021-11-15T00:53:35","slug":"suman-cinco-mujeres-desaparecidas-en-noviembre-en-oaxaca","status":"publish","type":"post","link":"https:\/\/zonaroja.com.mx\/?p=34302","title":{"rendered":"Suman cinco mujeres desaparecidas en noviembre, en Oaxaca"},"content":{"rendered":"\n<p>Evlin Arag\u00f3n\/Zona Roja.<\/p>\n\n\n\n<p>Oaxaca de Ju\u00e1rez, Oax., 14 de noviembre de 2021.- La desaparici\u00f3n de mujeres j\u00f3venes y adolescentes, contin\u00faa en Oaxaca.<\/p>\n\n\n\n<p>Este s\u00e1bado 13 de noviembre se report\u00f3 la desaparici\u00f3n de una adolescente de 17 a\u00f1os de edad, Monserrat Carrera Llanos, quien fue vista por \u00faltima vez en Teotitl\u00e1n de Flores Mag\u00f3n, en la regi\u00f3n Ca\u00f1ada del estado.<\/p>\n\n\n\n<p>A la tr\u00e1gica lista, en lo que va del mes de noviembre, se suma Cecilia Mart\u00ednez Pereda, de 13 a\u00f1os de edad, quien vista por \u00faltima vez el pasado 9 de noviembre en la colonia Sor Juana In\u00e9s de la Cruz del municipio de Santa Cruz Xoxocotl\u00e1n.<\/p>\n\n\n\n<p>Cecilia vest\u00eda una playera de manga corta y mallones, ambos de color negro; as\u00ed como sandalias de pl\u00e1stico en color azul.&nbsp;<\/p>\n\n\n\n<p>Dos d\u00edas antes, \u00c1ngeles Patricia V\u00e1squez Mart\u00ednez, de 15 a\u00f1os de edad, fue reportada como desaparecida el 7 de noviembre, en la colonia Azucenas de San Mart\u00edn Mexicapan, del municipio de Oaxaca de Ju\u00e1rez.&nbsp;<\/p>\n\n\n\n<p>De acuerdo con la ficha de b\u00fasqueda, \u00c1ngeles portaba pantal\u00f3n de mezclilla color blanco, blusa rosa manga tres cuartos y tenis color blanco.&nbsp;<\/p>\n\n\n\n<p>Un d\u00eda antes fue reportada la no localizaci\u00f3n de Andrea Josefina Hern\u00e1ndez Hern\u00e1ndez, de 16 a\u00f1os de edad, y de quien se perdi\u00f3 el rastro en la segunda ampliaci\u00f3n de Santa Cruz Amilpas.&nbsp;<\/p>\n\n\n\n<p>Andrea Josefina vest\u00eda pantal\u00f3n de gabardina color verde militar, blusa blanca de manga corta y tenis color beige.&nbsp;<\/p>\n\n\n\n<p>El 3 de noviembre, Mar\u00eda Isabel Vaquera Fuentes, de 18 a\u00f1os, fue vista por \u00faltima vez en el municipio de Juchit\u00e1n de Zaragoza, perteneciente al Istmo de Tehuantepec.&nbsp;<\/p>\n\n\n\n<p>Su desaparici\u00f3n moviliz\u00f3 a activistas de la regi\u00f3n, quienes a trav\u00e9s de las redes sociales han solicitado que se comparta la ficha de b\u00fasqueda y exigieron a las autoridades su actuaci\u00f3n inmediata para dar con el paradero de la joven.<\/p>\n\n\n\n<p>De acuerdo con Consorcio Oaxaca, en lo que va de la administraci\u00f3n de Alejandro Murat Hinojosa mil 474 mujeres han sido denunciadas como desaparecidas en la entidad.<\/p>\n","protected":false},"excerpt":{"rendered":"<p>Evlin Arag\u00f3n\/Zona Roja. Oaxaca de Ju\u00e1rez, Oax., 14 de noviembre de 2021.- La desaparici\u00f3n de&hellip;<\/p>\n","protected":false},"author":2,"featured_media":34303,"comment_status":"closed","ping_status":"open","sticky":false,"template":"","format":"standard","meta":{"_lmt_disableupdate":"","_lmt_disable":"","_jetpack_memberships_contains_paid_content":false,"footnotes":""},"categories":[109,47],"tags":[455],"class_list":["post-34302","post","type-post","status-publish","format-standard","has-post-thumbnail","hentry","category-minuto-a-minuto","category-zona-gris","tag-mujeres-desaparecidas-oaxaca"],"jetpack_featured_media_url":"https:\/\/zonaroja.com.mx\/wp-content\/uploads\/2021\/11\/Desaparecidas-Oaxaca-1.jpg","jetpack_sharing_enabled":true,"_links":{"self":[{"href":"https:\/\/zonaroja.com.mx\/index.php?rest_route=\/wp\/v2\/posts\/34302","targetHints":{"allow":["GET"]}}],"collection":[{"href":"https:\/\/zonaroja.com.mx\/index.php?rest_route=\/wp\/v2\/posts"}],"about":[{"href":"https:\/\/zonaroja.com.mx\/index.php?rest_route=\/wp\/v2\/types\/post"}],"author":[{"embeddable":true,"href":"https:\/\/zonaroja.com.mx\/index.php?rest_route=\/wp\/v2\/users\/2"}],"replies":[{"embeddable":true,"href":"https:\/\/zonaroja.com.mx\/index.php?rest_route=%2Fwp%2Fv2%2Fcomments&post=34302"}],"version-history":[{"count":1,"href":"https:\/\/zonaroja.com.mx\/index.php?rest_route=\/wp\/v2\/posts\/34302\/revisions"}],"predecessor-version":[{"id":34304,"href":"https:\/\/zonaroja.com.mx\/index.php?rest_route=\/wp\/v2\/posts\/34302\/revisions\/34304"}],"wp:featuredmedia":[{"embeddable":true,"href":"https:\/\/zonaroja.com.mx\/index.php?rest_route=\/wp\/v2\/media\/34303"}],"wp:attachment":[{"href":"https:\/\/zonaroja.com.mx\/index.php?rest_route=%2Fwp%2Fv2%2Fmedia&parent=34302"}],"wp:term":[{"taxonomy":"category","embeddable":true,"href":"https:\/\/zonaroja.com.mx\/index.php?rest_route=%2Fwp%2Fv2%2Fcategories&post=34302"},{"taxonomy":"post_tag","embeddable":true,"href":"https:\/\/zonaroja.com.mx\/index.php?rest_route=%2Fwp%2Fv2%2Ftags&post=34302"}],"curies":[{"name":"wp","href":"https:\/\/api.w.org\/{rel}","templated":true}]}}