{"id":34305,"date":"2021-11-14T19:22:23","date_gmt":"2021-11-15T01:22:23","guid":{"rendered":"http:\/\/www.zonaroja.com.mx\/?p=34305"},"modified":"2021-11-14T19:22:27","modified_gmt":"2021-11-15T01:22:27","slug":"concluye-en-tlahuitoltepec-escuela-comunitaria-de-paz","status":"publish","type":"post","link":"https:\/\/zonaroja.com.mx\/?p=34305","title":{"rendered":"Concluye en Tlahuitoltepec Escuela Comunitaria de Paz"},"content":{"rendered":"\n<p>Redacci\u00f3n\/Zona Roja.<\/p>\n\n\n\n<p>Oaxaca de Ju\u00e1rez, Oax., 14 de noviembre, 2021.- El pasado viernes, tras poco m\u00e1s de tres meses de trabajos, en Santa Mar\u00eda Tlahuitoltepec Mixe se clausur\u00f3 la \u201cEscuela Comunitaria para la Paz: Tejiendo Palabras, cosechando desde la Equidad y Comunalidad\u201d.<\/p>\n\n\n\n<p>El curso fue convocado y coordinado por el Comit\u00e9\u0301 Regional de Recursos Naturales Mixe-Choapam (Corenamich), el defensor de derechos humanos ayuujk Dami\u00e1n Gallardo Mart\u00ednez, el Centro de Innovaci\u00f3n Integral para el Desarrollo Rural, Kukoj S.C. (Ciinder Kukoj) y la organizaci\u00f3n Consorcio para el Di\u00e1logo Parlamentario y la Equidad Oaxaca A.C., en el marco del Servicio Civil para la Paz y de Pan Para el Mundo. Tambi\u00e9n cont\u00f3 con el aval otorgado por la Universidad Aut\u00f3noma \u201cBenito Ju\u00e1rez\u201d de Oaxaca.<\/p>\n\n\n\n<p>Participaron j\u00f3venes de diversas comunidades de la zona Mixe\u2013Cho\u00e1pam, con el acompa\u00f1amiento de autoridades comunitarias del Corenamich.<\/p>\n\n\n\n<p>A lo largo del proceso formativo, fueron recuperando, compartiendo y fortaleciendo saberes para la construcci\u00f3n de paz a partir de diversos abordajes como la educaci\u00f3n popular, la comunalidad, el g\u00e9nero, el enfoque intergeneracional y la transformaci\u00f3n positiva de conflictos.<\/p>\n\n\n\n<p>En el transcurso de la sesi\u00f3n de clausura efectuada en Tlahuitoltepec, las y los alumnos presentaron proyectos comunitarios que fueron construyendo durante todo el proceso de la Escuela.<\/p>\n\n\n\n<p>Dichos proyectos se enfocan en la defensa del ma\u00edz nativo, la articulaci\u00f3n de mujeres j\u00f3venes frente a la violencia de g\u00e9nero y en la transformaci\u00f3n positiva de conflictos agrarios.<\/p>\n\n\n\n<p>Como parte de los principales resultados de la Escuela Comunitaria, se destacan \u201clos proyectos construidos por las y los j\u00f3venes, pero sobre todo el fortalecimiento de sus liderazgos, de las redes y tejidos comunitarios avanzando hacia la construcci\u00f3n de paz\u201d, se\u00f1al\u00f3, Emilie De Wolf de la organizaci\u00f3n Consorcio Oaxaca.<\/p>\n\n\n\n<p>\u201cLa Escuela permiti\u00f3 ampliar nuestros conocimientos en materia de g\u00e9nero, defensa del territorio y transformaci\u00f3n de conflictos, conocimientos que seguiremos replicando con las comunidades con las que trabajamos\u201d, se\u00f1al\u00f3 a su vez Eduardo Gallardo V\u00e1squez del Corenamich\u2013Ciinder Kukoj.<\/p>\n\n\n\n<p>La ceremonia de clausura fue acompa\u00f1ada por Kristin Gebhardt, coordinadora del Servicio Civil para la Paz de Pan Para el Mundo en M\u00e9xico quien recalc\u00f3 la relevancia de esta propuesta educativa \u00fanica y de los resultados alcanzados.<\/p>\n\n\n\n<p>La Escuela Comunitaria para la Paz fue clausurada por el regidor de Educaci\u00f3n de Santa Mar\u00eda Tlahuitoltepec, quien felicit\u00f3 lo que calific\u00f3 como \u201cuna grandiosa labor\u201d especialmente significativa frente a \u201cun contexto cada vez m\u00e1s complejo\u201d.<\/p>\n","protected":false},"excerpt":{"rendered":"<p>Redacci\u00f3n\/Zona Roja. Oaxaca de Ju\u00e1rez, Oax., 14 de noviembre, 2021.- El pasado viernes, tras poco&hellip;<\/p>\n","protected":false},"author":2,"featured_media":34289,"comment_status":"closed","ping_status":"open","sticky":false,"template":"","format":"standard","meta":{"_lmt_disableupdate":"","_lmt_disable":"","_jetpack_memberships_contains_paid_content":false,"footnotes":""},"categories":[109,46],"tags":[1093],"class_list":["post-34305","post","type-post","status-publish","format-standard","has-post-thumbnail","hentry","category-minuto-a-minuto","category-zona-blanca","tag-consorcio-para-el-dialogo-oaxaca"],"jetpack_featured_media_url":"https:\/\/zonaroja.com.mx\/wp-content\/uploads\/2021\/11\/Consorcio-Oaxaca-fin-de-curso.jpg","jetpack_sharing_enabled":true,"_links":{"self":[{"href":"https:\/\/zonaroja.com.mx\/index.php?rest_route=\/wp\/v2\/posts\/34305","targetHints":{"allow":["GET"]}}],"collection":[{"href":"https:\/\/zonaroja.com.mx\/index.php?rest_route=\/wp\/v2\/posts"}],"about":[{"href":"https:\/\/zonaroja.com.mx\/index.php?rest_route=\/wp\/v2\/types\/post"}],"author":[{"embeddable":true,"href":"https:\/\/zonaroja.com.mx\/index.php?rest_route=\/wp\/v2\/users\/2"}],"replies":[{"embeddable":true,"href":"https:\/\/zonaroja.com.mx\/index.php?rest_route=%2Fwp%2Fv2%2Fcomments&post=34305"}],"version-history":[{"count":1,"href":"https:\/\/zonaroja.com.mx\/index.php?rest_route=\/wp\/v2\/posts\/34305\/revisions"}],"predecessor-version":[{"id":34306,"href":"https:\/\/zonaroja.com.mx\/index.php?rest_route=\/wp\/v2\/posts\/34305\/revisions\/34306"}],"wp:featuredmedia":[{"embeddable":true,"href":"https:\/\/zonaroja.com.mx\/index.php?rest_route=\/wp\/v2\/media\/34289"}],"wp:attachment":[{"href":"https:\/\/zonaroja.com.mx\/index.php?rest_route=%2Fwp%2Fv2%2Fmedia&parent=34305"}],"wp:term":[{"taxonomy":"category","embeddable":true,"href":"https:\/\/zonaroja.com.mx\/index.php?rest_route=%2Fwp%2Fv2%2Fcategories&post=34305"},{"taxonomy":"post_tag","embeddable":true,"href":"https:\/\/zonaroja.com.mx\/index.php?rest_route=%2Fwp%2Fv2%2Ftags&post=34305"}],"curies":[{"name":"wp","href":"https:\/\/api.w.org\/{rel}","templated":true}]}}