{"id":34314,"date":"2021-11-15T07:02:19","date_gmt":"2021-11-15T13:02:19","guid":{"rendered":"http:\/\/www.zonaroja.com.mx\/?p=34314"},"modified":"2021-11-15T07:02:23","modified_gmt":"2021-11-15T13:02:23","slug":"registra-oaxaca-en-ultima-semana-431-casos-de-covid-19","status":"publish","type":"post","link":"https:\/\/zonaroja.com.mx\/?p=34314","title":{"rendered":"Registra Oaxaca en \u00faltima semana 431 casos de Covid-19"},"content":{"rendered":"\n<p>Redacci\u00f3n\/Zona Roja.<\/p>\n\n\n\n<p>Oaxaca de Ju\u00e1rez, Oax., 15 de noviembre de 2021.- Durante el per\u00edodo comprendido del 7 al 13 de noviembre, el estado de Oaxaca registr\u00f3 un acumulado de 82 mil 319 casos confirmados de Covid-19, observando un ligero descenso con respecto a la semana anterior, pasando de 455 a 431 registros esta semana.<\/p>\n\n\n\n<p>Asimismo, de acuerdo con un comunicado de los Servicios de Salud de Oaxaca, acerca de la ocupaci\u00f3n hospitalaria para la atenci\u00f3n a pacientes con complicaciones por este Coronavirus, precis\u00f3 que fue de 29.4%. Y lamentablemente se reportaron 49 decesos a causa de esta enfermedad respiratoria.<\/p>\n\n\n\n<p>Agreg\u00f3 que, siguiendo la Estrategia de la Pol\u00edtica Nacional de Vacunaci\u00f3n contra el virus SARS-CoV-2 para la prevenci\u00f3n de la Covid-19 en M\u00e9xico, durante los \u00faltimos siete d\u00edas se aplicaron 14 mil 772 dosis de la farmac\u00e9utica Pfizer-BioNTech, de las cuales mil 068 fueron para adolescentes de 12 a 17 a\u00f1os con comorbilidades espec\u00edficas. Mientras que de AstraZeneca se suministraron 34 mil 360 inmunol\u00f3gicos.<\/p>\n\n\n\n<p>Ante lo cual, la dependencia reiter\u00f3 el llamado e invit\u00f3 a padres, madres o tutores para que no dejen pasar la oportunidad de llevar a vacunar a sus hijas e hijos con factores de riesgo a los puntos activos, y con ello proteger a este grupo de la poblaci\u00f3n.<\/p>\n\n\n\n<p>\u201cLas vacunas son vitales no solo para salvar vidas, sino tambi\u00e9n para prevenir los efectos a largo plazo del Covid-19, pero es importante que las personas, incluso despu\u00e9s de la vacunaci\u00f3n tomen precauciones\u201d, enfatiz\u00f3.<\/p>\n\n\n\n<p>En cuanto a las recomendaciones, pidi\u00f3 a la sociedad priorizar el uso del cubrebocas, la sana distancia, evitar multitudes y lavarse las manos, ya que son las herramientas m\u00e1s eficaces para disminuir los contagios y transitar de manera gradual hacia la nueva normalidad.<\/p>\n","protected":false},"excerpt":{"rendered":"<p>Redacci\u00f3n\/Zona Roja. Oaxaca de Ju\u00e1rez, Oax., 15 de noviembre de 2021.- Durante el per\u00edodo comprendido&hellip;<\/p>\n","protected":false},"author":2,"featured_media":34315,"comment_status":"closed","ping_status":"open","sticky":false,"template":"","format":"standard","meta":{"_lmt_disableupdate":"","_lmt_disable":"","_jetpack_memberships_contains_paid_content":false,"footnotes":""},"categories":[109,47],"tags":[1512],"class_list":["post-34314","post","type-post","status-publish","format-standard","has-post-thumbnail","hentry","category-minuto-a-minuto","category-zona-gris","tag-coronavirus-oaxaca"],"jetpack_featured_media_url":"https:\/\/zonaroja.com.mx\/wp-content\/uploads\/2021\/11\/Vacuna-Covid-filas-Oaxaca.jpg","jetpack_sharing_enabled":true,"_links":{"self":[{"href":"https:\/\/zonaroja.com.mx\/index.php?rest_route=\/wp\/v2\/posts\/34314","targetHints":{"allow":["GET"]}}],"collection":[{"href":"https:\/\/zonaroja.com.mx\/index.php?rest_route=\/wp\/v2\/posts"}],"about":[{"href":"https:\/\/zonaroja.com.mx\/index.php?rest_route=\/wp\/v2\/types\/post"}],"author":[{"embeddable":true,"href":"https:\/\/zonaroja.com.mx\/index.php?rest_route=\/wp\/v2\/users\/2"}],"replies":[{"embeddable":true,"href":"https:\/\/zonaroja.com.mx\/index.php?rest_route=%2Fwp%2Fv2%2Fcomments&post=34314"}],"version-history":[{"count":1,"href":"https:\/\/zonaroja.com.mx\/index.php?rest_route=\/wp\/v2\/posts\/34314\/revisions"}],"predecessor-version":[{"id":34316,"href":"https:\/\/zonaroja.com.mx\/index.php?rest_route=\/wp\/v2\/posts\/34314\/revisions\/34316"}],"wp:featuredmedia":[{"embeddable":true,"href":"https:\/\/zonaroja.com.mx\/index.php?rest_route=\/wp\/v2\/media\/34315"}],"wp:attachment":[{"href":"https:\/\/zonaroja.com.mx\/index.php?rest_route=%2Fwp%2Fv2%2Fmedia&parent=34314"}],"wp:term":[{"taxonomy":"category","embeddable":true,"href":"https:\/\/zonaroja.com.mx\/index.php?rest_route=%2Fwp%2Fv2%2Fcategories&post=34314"},{"taxonomy":"post_tag","embeddable":true,"href":"https:\/\/zonaroja.com.mx\/index.php?rest_route=%2Fwp%2Fv2%2Ftags&post=34314"}],"curies":[{"name":"wp","href":"https:\/\/api.w.org\/{rel}","templated":true}]}}