{"id":34321,"date":"2021-11-15T13:17:09","date_gmt":"2021-11-15T19:17:09","guid":{"rendered":"https:\/\/www.zonaroja.com.mx\/?p=34321"},"modified":"2021-11-15T13:17:16","modified_gmt":"2021-11-15T19:17:16","slug":"mujeres-mazatecas-de-eloxochitlan-piden-a-65-legislatura-saldar-su-deuda","status":"publish","type":"post","link":"https:\/\/zonaroja.com.mx\/?p=34321","title":{"rendered":"Mujeres mazatecas de Eloxochitl\u00e1n piden a 65 Legislatura saldar su deuda"},"content":{"rendered":"\n<p>Evlin Arag\u00f3n\/Zona Roja.&nbsp;&nbsp;<\/p>\n\n\n\n<p>&nbsp;Oaxaca de Ju\u00e1rez, Oax.. 15 de noviembre de 2021.-&nbsp;Mujeres mazatecas, familiares de los presos pol\u00edticos de Eloxochitl\u00e1n de Flores Mag\u00f3n, pidieron a las y los integrantes de la reci\u00e9n instalada 65 Legislatura que salden la deuda con las 40 familias desplazadas, desde hace siete a\u00f1os, a las que se invisibiliz\u00f3 y victimiz\u00f3&nbsp;<\/p>\n\n\n\n<p>As\u00ed lo dio a conocer&nbsp;Argelia Betanzos, quien detall\u00f3 que llevan a\u00f1os siendo v\u00edctimas de persecuci\u00f3n, encarcelamiento injusto, tortura, da\u00f1os a bienes, despojos y cateos ilegales, acciones que han denunciado ante las instancias correspondientes sin que se sancione a los responsables.&nbsp;<\/p>\n\n\n\n<p>Por lo anterior, exigi\u00f3 a la legislatura entrante no jugar con la Ley de Amnist\u00eda y no someter ninguna legislaci\u00f3n al filtro o lupa de un inter\u00e9s personal o de grupo, por el contrario, velar por los derechos de mujeres, ni\u00f1as, adolescentes y cualquier persona que viva en la entidad oaxaque\u00f1a.&nbsp;<\/p>\n\n\n\n<p>\u201cS\u00ed, pido a la 65 Legislatura que salde esa deuda, que nos visite, que no conozca, que nos examine si gusta pero que no nos quede a deber la Ley de Amnist\u00eda porque urge, tal y como ha sido mandatado por el presidente de la Rep\u00fablica, Andr\u00e9s Manuel L\u00f3pez Obrador\u201d, sentenci\u00f3.&nbsp;&nbsp;<\/p>\n\n\n\n<p>De manera particular denunci\u00f3 que fue la 64?Legislatura, desde la Comisi\u00f3n de Procuraci\u00f3n y Administraci\u00f3n de Justicia, la que oper\u00f3 una serie de acciones en las que destac\u00f3 la corrupci\u00f3n y la reiterada violaci\u00f3n al debido proceso en torno a la solicitud de libertad a sus presos pol\u00edticos.&nbsp;&nbsp;<\/p>\n\n\n\n<p>Lo anterior debido a que la presidenta de dicha comisi\u00f3n fue Elisa Zepeda Lagunas supuesta v\u00edctima de la violencia generada en Eloxochitl\u00e1n y parte acusadora de las personas que a\u00fan se encuentran en prisi\u00f3n acci\u00f3n que, de acuerdo con Argelia Betanzos, le ha costado a la hoy exdiputada tener una mala imagen en la regi\u00f3n mazateca.&nbsp;&nbsp;<\/p>\n\n\n\n<p>\u201cEs evidente que, en la regi\u00f3n mazateca, Elisa Zepeda Lagunas no cuenta con credibilidad y que en Oaxaca tenemos un Poder Judicial corrupto, muerto, que se presta a la negociaci\u00f3n\u201d, dijo.&nbsp;&nbsp;<\/p>\n\n\n\n<p>De acuerdo con la denunciante, el Congreso de Oaxaca tambi\u00e9n le fall\u00f3 a la poblaci\u00f3n mazateca, ya que no redactaron la Ley de Amnist\u00eda local misma que podr\u00eda repercutir en el caso de los presos pol\u00edticos de Eloxochitl\u00e1n que siguen siendo v\u00edctimas de una injusticia, al igual que sus familias.&nbsp;<\/p>\n\n\n\n<p>\u201cLa deuda del Congreso es impagable porque nos qued\u00f3 a deber una ley que mirar\u00e1 a las mujeres oaxaque\u00f1a, a las mujeres ind\u00edgenas, a las mujeres mazateca que sufrimos la ausencia de nuestros hijos, hermanos y padres a quienes el Estado mantiene como presos pol\u00edticos\u201d, dijo.&nbsp;&nbsp;<\/p>\n\n\n\n<p>Finalmente, record\u00f3 que fue en 2018 que el Senado de la Rep\u00fablica calific\u00f3 el caso de criminalizaci\u00f3n selectiva caracterizado por la judicializaci\u00f3n de conflictos socio-pol\u00edtico a trav\u00e9s de la fabricaci\u00f3n de delitos graves en perjuicio de activistas opuestos a reg\u00edmenes autoritarios.&nbsp;&nbsp;<\/p>\n\n\n\n<p>\u201cNosotros buscamos recordarle al Gobierno Federal su compromiso de liberar a los presos pol\u00edticos, porque en este caso el Poder Judicial se ha corrompido\u201d, dijo con conferencia de prensa efectuada ayer en la Villa de Etla. <\/p>\n","protected":false},"excerpt":{"rendered":"<p>Evlin Arag\u00f3n\/Zona Roja.&nbsp;&nbsp; &nbsp;Oaxaca de Ju\u00e1rez, Oax.. 15 de noviembre de 2021.-&nbsp;Mujeres mazatecas, familiares de&hellip;<\/p>\n","protected":false},"author":2,"featured_media":34320,"comment_status":"closed","ping_status":"open","sticky":false,"template":"","format":"standard","meta":{"_lmt_disableupdate":"","_lmt_disable":"","_jetpack_memberships_contains_paid_content":false,"footnotes":""},"categories":[109,47],"tags":[],"class_list":["post-34321","post","type-post","status-publish","format-standard","has-post-thumbnail","hentry","category-minuto-a-minuto","category-zona-gris"],"jetpack_featured_media_url":"https:\/\/zonaroja.com.mx\/wp-content\/uploads\/2021\/11\/img_3861.jpg","jetpack_sharing_enabled":true,"_links":{"self":[{"href":"https:\/\/zonaroja.com.mx\/index.php?rest_route=\/wp\/v2\/posts\/34321","targetHints":{"allow":["GET"]}}],"collection":[{"href":"https:\/\/zonaroja.com.mx\/index.php?rest_route=\/wp\/v2\/posts"}],"about":[{"href":"https:\/\/zonaroja.com.mx\/index.php?rest_route=\/wp\/v2\/types\/post"}],"author":[{"embeddable":true,"href":"https:\/\/zonaroja.com.mx\/index.php?rest_route=\/wp\/v2\/users\/2"}],"replies":[{"embeddable":true,"href":"https:\/\/zonaroja.com.mx\/index.php?rest_route=%2Fwp%2Fv2%2Fcomments&post=34321"}],"version-history":[{"count":1,"href":"https:\/\/zonaroja.com.mx\/index.php?rest_route=\/wp\/v2\/posts\/34321\/revisions"}],"predecessor-version":[{"id":34322,"href":"https:\/\/zonaroja.com.mx\/index.php?rest_route=\/wp\/v2\/posts\/34321\/revisions\/34322"}],"wp:featuredmedia":[{"embeddable":true,"href":"https:\/\/zonaroja.com.mx\/index.php?rest_route=\/wp\/v2\/media\/34320"}],"wp:attachment":[{"href":"https:\/\/zonaroja.com.mx\/index.php?rest_route=%2Fwp%2Fv2%2Fmedia&parent=34321"}],"wp:term":[{"taxonomy":"category","embeddable":true,"href":"https:\/\/zonaroja.com.mx\/index.php?rest_route=%2Fwp%2Fv2%2Fcategories&post=34321"},{"taxonomy":"post_tag","embeddable":true,"href":"https:\/\/zonaroja.com.mx\/index.php?rest_route=%2Fwp%2Fv2%2Ftags&post=34321"}],"curies":[{"name":"wp","href":"https:\/\/api.w.org\/{rel}","templated":true}]}}