{"id":34327,"date":"2021-11-15T16:01:52","date_gmt":"2021-11-15T22:01:52","guid":{"rendered":"http:\/\/www.zonaroja.com.mx\/?p=34327"},"modified":"2021-11-15T16:01:56","modified_gmt":"2021-11-15T22:01:56","slug":"trabajo-de-la-65-legislatura-debe-ser-en-beneficio-de-oaxaca-susana-harp","status":"publish","type":"post","link":"https:\/\/zonaroja.com.mx\/?p=34327","title":{"rendered":"Trabajo de la 65 Legislatura debe ser en beneficio de Oaxaca: Susana Harp"},"content":{"rendered":"\n<p>Redacci\u00f3n\/Zona Roja.<\/p>\n\n\n\n<p>Oaxaca de Ju\u00e1rez, Oax., 15 de noviembre de 2021.- La Senadora de la Rep\u00fablica Susana Harp Iturribarr\u00eda, celebr\u00f3 el hecho de que, por segunda vez, las mujeres representen la mayor\u00eda en el Congreso local y que Morena sea la primera fuerza pol\u00edtica en esta, la 65 Legislatura de Oaxaca.<\/p>\n\n\n\n<p>La congresista conf\u00edo en que el trabajo del parlamento oaxaque\u00f1o sea a favor del estado; \u201cLa nueva legislatura tiene vientos frescos y renovados, estoy segura que se priorizar\u00e1 el di\u00e1logo y habr\u00e1 debates a la altura de la construcci\u00f3n de consensos acordes a la democracia\u201d afirm\u00f3.<\/p>\n\n\n\n<p>Exhort\u00f3 a las y los diputados por Morena, a mantener los objetivos claros y encontrar coincidencias que superen las diferencias, fomentando siempre el debate y la aplicaci\u00f3n de acciones positivas a favor de la tan anhelada transformaci\u00f3n que se requiere para el progreso de Oaxaca.<\/p>\n\n\n\n<p>Les pidi\u00f3 regirse bajo los principios m\u00e1ximos de Morena: \u201cNo mentir, no robar y no traicionar al pueblo\u201d.<\/p>\n\n\n\n<p>Harp Iturribarr\u00eda dijo a las y los legisladores que ser\u00e1 una aliada incondicional a favor del impulso y la creaci\u00f3n leyes que garanticen la defensa de los derechos de las y los oaxaque\u00f1os.<\/p>\n\n\n\n<p>Indic\u00f3 que la Cuarta Transformaci\u00f3n que encabeza el Presidente Andr\u00e9s Manuel L\u00f3pez Obrador no ser\u00e1 sin las mujeres, no ser\u00e1 sin las y los habitantes de los pueblos ind\u00edgenas y afromexicanos, no ser\u00e1 sin el apoyo de todas y todos.<\/p>\n\n\n\n<p>Finalmente, la tambi\u00e9n aspirante a la candidatura por Morena a la gubernatura de Oaxaca, reconoci\u00f3 el trabajo institucional y productivo que las y los congresistas, integrantes de la 64 Legislatura local realizaron.<\/p>\n\n\n\n<p>Destac\u00f3 el hecho de que, a nivel nacional e internacional, la entidad es reconocida por la creaci\u00f3n de leyes que han marcado el rumbo del pa\u00eds, reformas progresistas adecuadas a las necesidades actuales de la ciudadan\u00eda.<\/p>\n","protected":false},"excerpt":{"rendered":"<p>Redacci\u00f3n\/Zona Roja. Oaxaca de Ju\u00e1rez, Oax., 15 de noviembre de 2021.- La Senadora de la&hellip;<\/p>\n","protected":false},"author":2,"featured_media":34329,"comment_status":"closed","ping_status":"open","sticky":false,"template":"","format":"standard","meta":{"_lmt_disableupdate":"","_lmt_disable":"","_jetpack_memberships_contains_paid_content":false,"footnotes":""},"categories":[109,46],"tags":[1685],"class_list":["post-34327","post","type-post","status-publish","format-standard","has-post-thumbnail","hentry","category-minuto-a-minuto","category-zona-blanca","tag-susana-harp-iturribarria"],"jetpack_featured_media_url":"https:\/\/zonaroja.com.mx\/wp-content\/uploads\/2021\/11\/Susana-Harp-y-legisladora.jpg","jetpack_sharing_enabled":true,"_links":{"self":[{"href":"https:\/\/zonaroja.com.mx\/index.php?rest_route=\/wp\/v2\/posts\/34327","targetHints":{"allow":["GET"]}}],"collection":[{"href":"https:\/\/zonaroja.com.mx\/index.php?rest_route=\/wp\/v2\/posts"}],"about":[{"href":"https:\/\/zonaroja.com.mx\/index.php?rest_route=\/wp\/v2\/types\/post"}],"author":[{"embeddable":true,"href":"https:\/\/zonaroja.com.mx\/index.php?rest_route=\/wp\/v2\/users\/2"}],"replies":[{"embeddable":true,"href":"https:\/\/zonaroja.com.mx\/index.php?rest_route=%2Fwp%2Fv2%2Fcomments&post=34327"}],"version-history":[{"count":1,"href":"https:\/\/zonaroja.com.mx\/index.php?rest_route=\/wp\/v2\/posts\/34327\/revisions"}],"predecessor-version":[{"id":34330,"href":"https:\/\/zonaroja.com.mx\/index.php?rest_route=\/wp\/v2\/posts\/34327\/revisions\/34330"}],"wp:featuredmedia":[{"embeddable":true,"href":"https:\/\/zonaroja.com.mx\/index.php?rest_route=\/wp\/v2\/media\/34329"}],"wp:attachment":[{"href":"https:\/\/zonaroja.com.mx\/index.php?rest_route=%2Fwp%2Fv2%2Fmedia&parent=34327"}],"wp:term":[{"taxonomy":"category","embeddable":true,"href":"https:\/\/zonaroja.com.mx\/index.php?rest_route=%2Fwp%2Fv2%2Fcategories&post=34327"},{"taxonomy":"post_tag","embeddable":true,"href":"https:\/\/zonaroja.com.mx\/index.php?rest_route=%2Fwp%2Fv2%2Ftags&post=34327"}],"curies":[{"name":"wp","href":"https:\/\/api.w.org\/{rel}","templated":true}]}}