{"id":3433,"date":"2019-08-27T07:07:11","date_gmt":"2019-08-27T12:07:11","guid":{"rendered":"http:\/\/www.zonaroja.com.mx\/?p=3433"},"modified":"2019-08-27T07:07:14","modified_gmt":"2019-08-27T12:07:14","slug":"se-llevan-a-una-joven-de-centro-de-rehabilitacion-en-la-capital","status":"publish","type":"post","link":"https:\/\/zonaroja.com.mx\/?p=3433","title":{"rendered":"Se llevan a una joven de centro de rehabilitaci\u00f3n en la capital"},"content":{"rendered":"\n<p>Redacci\u00f3n\/Zona\nRoja.<\/p>\n\n\n\n<p>Oaxaca de\nJu\u00e1rez, Oax., 27 de agosto de 2019.- Sujetos desconocidos sacaron presuntamente\npor la fuerza a una joven en un centro de rehabilitaci\u00f3n ubicado en la agencia\nde San Juan Chapultepec, del municipio de Oaxaca de Ju\u00e1rez.<\/p>\n\n\n\n<p>De acuerdo\ncon la denuncia, los hechos ocurrieron aproximadamente a las 15:00 horas,\ncuando fue sustra\u00edda Isair\u00e9 Esther Orozco Oca\u00f1a, de aproximadamente 19 a\u00f1os de\nedad, del Centro de Rehabilitaci\u00f3n Cap\u00edtulo VII.<\/p>\n\n\n\n<p>Los\nfamiliares informaron que la joven se encuentra bajo tratamiento m\u00e9dico y\nrequiere atenci\u00f3n inmediata; \u201ctememos que quien la sustrajo, le haga da\u00f1o\u201d,\ndifundieron ayer.<\/p>\n\n\n\n<p>Expusieron\nque Isair\u00e9 Esther es de tez morena oscura, de cabello chino y casta\u00f1o,\ncomplexi\u00f3n delgada, usa lentes y tiene un tatuaje grande en la rodilla derecha.<\/p>\n\n\n\n<p>En caso de\ntener informes, piden a las autoridades y a la sociedad proporcionarlos al\nse\u00f1or Emigdio Orzco, al n\u00famero 9711137718.<\/p>\n","protected":false},"excerpt":{"rendered":"<p>Redacci\u00f3n\/Zona Roja. Oaxaca de Ju\u00e1rez, Oax., 27 de agosto de 2019.- Sujetos desconocidos sacaron presuntamente&hellip;<\/p>\n","protected":false},"author":2,"featured_media":3434,"comment_status":"closed","ping_status":"open","sticky":false,"template":"","format":"standard","meta":{"_lmt_disableupdate":"","_lmt_disable":"","_jetpack_memberships_contains_paid_content":false,"footnotes":""},"categories":[109],"tags":[],"class_list":["post-3433","post","type-post","status-publish","format-standard","has-post-thumbnail","hentry","category-minuto-a-minuto"],"jetpack_featured_media_url":"https:\/\/zonaroja.com.mx\/wp-content\/uploads\/2019\/08\/Joven-sustraida.jpg","jetpack_sharing_enabled":true,"_links":{"self":[{"href":"https:\/\/zonaroja.com.mx\/index.php?rest_route=\/wp\/v2\/posts\/3433","targetHints":{"allow":["GET"]}}],"collection":[{"href":"https:\/\/zonaroja.com.mx\/index.php?rest_route=\/wp\/v2\/posts"}],"about":[{"href":"https:\/\/zonaroja.com.mx\/index.php?rest_route=\/wp\/v2\/types\/post"}],"author":[{"embeddable":true,"href":"https:\/\/zonaroja.com.mx\/index.php?rest_route=\/wp\/v2\/users\/2"}],"replies":[{"embeddable":true,"href":"https:\/\/zonaroja.com.mx\/index.php?rest_route=%2Fwp%2Fv2%2Fcomments&post=3433"}],"version-history":[{"count":1,"href":"https:\/\/zonaroja.com.mx\/index.php?rest_route=\/wp\/v2\/posts\/3433\/revisions"}],"predecessor-version":[{"id":3435,"href":"https:\/\/zonaroja.com.mx\/index.php?rest_route=\/wp\/v2\/posts\/3433\/revisions\/3435"}],"wp:featuredmedia":[{"embeddable":true,"href":"https:\/\/zonaroja.com.mx\/index.php?rest_route=\/wp\/v2\/media\/3434"}],"wp:attachment":[{"href":"https:\/\/zonaroja.com.mx\/index.php?rest_route=%2Fwp%2Fv2%2Fmedia&parent=3433"}],"wp:term":[{"taxonomy":"category","embeddable":true,"href":"https:\/\/zonaroja.com.mx\/index.php?rest_route=%2Fwp%2Fv2%2Fcategories&post=3433"},{"taxonomy":"post_tag","embeddable":true,"href":"https:\/\/zonaroja.com.mx\/index.php?rest_route=%2Fwp%2Fv2%2Ftags&post=3433"}],"curies":[{"name":"wp","href":"https:\/\/api.w.org\/{rel}","templated":true}]}}