{"id":34334,"date":"2021-11-15T20:48:09","date_gmt":"2021-11-16T02:48:09","guid":{"rendered":"http:\/\/www.zonaroja.com.mx\/?p=34334"},"modified":"2021-11-15T20:48:13","modified_gmt":"2021-11-16T02:48:13","slug":"ano-y-medio-despues-solo-un-detenido-por-masacre-de-15-en-huazantlan","status":"publish","type":"post","link":"https:\/\/zonaroja.com.mx\/?p=34334","title":{"rendered":"A\u00f1o y medio despu\u00e9s, s\u00f3lo un detenido por masacre de 15 en Huazantl\u00e1n"},"content":{"rendered":"\n<p>Redacci\u00f3n\/Zona Roja.<\/p>\n\n\n\n<p>Oaxaca de Ju\u00e1rez, Oax., 15 de noviembre de 2021.- Casi un a\u00f1o y medio despu\u00e9s, una persona fue detenida por presuntamente participar en la masacre de 15 personas en Huazantl\u00e1n del R\u00edo, agencia de San Mateo del Mar, Oaxaca.<\/p>\n\n\n\n<p>Se trata de Flavio S. S., quien fue aprehendido en la ciudad de Oaxaca por elementos de la Agencia Estatal de Investigaciones, dependiente de la Fiscal\u00eda General del Estado, y recluido de manera preventiva en el penal de San Francisco Tanivet, Tlacolula.<\/p>\n\n\n\n<p>El individuo qued\u00f3 a disposici\u00f3n del juez de Control, al ejecut\u00e1rsele la orden de captura en la causa penal 206\/2020 por el delito de feminicidio y homicidio.<\/p>\n\n\n\n<p>La masacre ocurri\u00f3 durante la noche del domingo 20 y lunes 21 de junio del a\u00f1o 2020.<\/p>\n\n\n\n<p>Hace casi a\u00f1o y medio, un grupo de pobladores de Huazantl\u00e1n fue emboscado y atacado con piedras, machetes, palos, bloques de cemento y disparos de arma de fuego. Adem\u00e1s, algunos cuerpos fueron incinerados.<\/p>\n\n\n\n<p>Entre las v\u00edctimas se encuentrean Rub\u00e9n Abasolo Moctezuma, Aquino Roldan Oronoz, Argelia Hern\u00e1ndez Villanueva, Eduardo Montero Cort\u00e9s, Nehem\u00edas Baloes Iturrigaray, Pascual Larrinzal Flores, Mario Alberto Villalobos Sumano, Hip\u00f3lito Lobos Escand\u00f3n, Alejandro Hurtado Serret, Carlos Alberto Bautista Garao, Heleno Gij\u00f3n Valle y Roberto Zaragoza Galabiz.<\/p>\n\n\n\n<p>En tanto que Okas Marisa Rangel Oviedo, menor de edad y su pap\u00e1 Mart\u00edn Alfredo Rangel Guti\u00e9rrez, son parte de las v\u00edctimas mortales de este ataque armado por parte de una turba de pobladores de cinco poblaciones pertenecientes a San Mateo del Mar por la disputa y el control de la agencia.<\/p>\n\n\n\n<p>En las investigaciones establecieron que Flavio S.S., es uno de los presuntos responsables de la masacre y por lo cual qued\u00f3 a disposici\u00f3n del juez de control, donde se determinar\u00e1 su situaci\u00f3n jur\u00eddica.<\/p>\n\n\n\n<p>En tanto, en el z\u00f3calo de la ciudad de Oaxaca se mantiene un \u201cplant\u00f3n\u201d, desde hace casi un a\u00f1o, de familiares de v\u00edctimas de esta masacre, que han insistido en que la Fiscal\u00eda General del Estado ha sido omisa y lenta en la aplicaci\u00f3n de la justicia.<\/p>\n","protected":false},"excerpt":{"rendered":"<p>Redacci\u00f3n\/Zona Roja. Oaxaca de Ju\u00e1rez, Oax., 15 de noviembre de 2021.- Casi un a\u00f1o y&hellip;<\/p>\n","protected":false},"author":2,"featured_media":22749,"comment_status":"closed","ping_status":"open","sticky":false,"template":"","format":"standard","meta":{"_lmt_disableupdate":"","_lmt_disable":"","_jetpack_memberships_contains_paid_content":false,"footnotes":""},"categories":[109,47],"tags":[1656],"class_list":["post-34334","post","type-post","status-publish","format-standard","has-post-thumbnail","hentry","category-minuto-a-minuto","category-zona-gris","tag-huazantlan-del-rio"],"jetpack_featured_media_url":"https:\/\/zonaroja.com.mx\/wp-content\/uploads\/2021\/01\/Huazantlan-del-Rio.jpg","jetpack_sharing_enabled":true,"_links":{"self":[{"href":"https:\/\/zonaroja.com.mx\/index.php?rest_route=\/wp\/v2\/posts\/34334","targetHints":{"allow":["GET"]}}],"collection":[{"href":"https:\/\/zonaroja.com.mx\/index.php?rest_route=\/wp\/v2\/posts"}],"about":[{"href":"https:\/\/zonaroja.com.mx\/index.php?rest_route=\/wp\/v2\/types\/post"}],"author":[{"embeddable":true,"href":"https:\/\/zonaroja.com.mx\/index.php?rest_route=\/wp\/v2\/users\/2"}],"replies":[{"embeddable":true,"href":"https:\/\/zonaroja.com.mx\/index.php?rest_route=%2Fwp%2Fv2%2Fcomments&post=34334"}],"version-history":[{"count":1,"href":"https:\/\/zonaroja.com.mx\/index.php?rest_route=\/wp\/v2\/posts\/34334\/revisions"}],"predecessor-version":[{"id":34335,"href":"https:\/\/zonaroja.com.mx\/index.php?rest_route=\/wp\/v2\/posts\/34334\/revisions\/34335"}],"wp:featuredmedia":[{"embeddable":true,"href":"https:\/\/zonaroja.com.mx\/index.php?rest_route=\/wp\/v2\/media\/22749"}],"wp:attachment":[{"href":"https:\/\/zonaroja.com.mx\/index.php?rest_route=%2Fwp%2Fv2%2Fmedia&parent=34334"}],"wp:term":[{"taxonomy":"category","embeddable":true,"href":"https:\/\/zonaroja.com.mx\/index.php?rest_route=%2Fwp%2Fv2%2Fcategories&post=34334"},{"taxonomy":"post_tag","embeddable":true,"href":"https:\/\/zonaroja.com.mx\/index.php?rest_route=%2Fwp%2Fv2%2Ftags&post=34334"}],"curies":[{"name":"wp","href":"https:\/\/api.w.org\/{rel}","templated":true}]}}