{"id":34336,"date":"2021-11-15T21:42:30","date_gmt":"2021-11-16T03:42:30","guid":{"rendered":"http:\/\/www.zonaroja.com.mx\/?p=34336"},"modified":"2021-11-15T21:42:34","modified_gmt":"2021-11-16T03:42:34","slug":"aseguran-pan-y-pt-que-formaran-su-fraccion-en-congreso-local","status":"publish","type":"post","link":"https:\/\/zonaroja.com.mx\/?p=34336","title":{"rendered":"Aseguran PAN y PT que formar\u00e1n su fracci\u00f3n en Congreso local"},"content":{"rendered":"\n<p>Redacci\u00f3n\/Zona Roja.<\/p>\n\n\n\n<p>Oaxaca de Ju\u00e1rez, Oax., 15 de noviembre de 2021.- Por separado, los partidos del Trabajo (PT) y Acci\u00f3n Nacional (PAN), anunciaron que conformar\u00e1n su fracci\u00f3n parlamentaria respectiva en la 65 Legislatura del Congreso del Estado.<\/p>\n\n\n\n<p>Ello con base en una resoluci\u00f3n del Tribunal Electoral del Estado de Oaxaca (TEEO) tomada ayer, que el organismo no ha dado a conocer hasta esta noche.<\/p>\n\n\n\n<p>Seg\u00fan el acuerdo que se difundi\u00f3 de manera extraoficial, en el Juicio para la Protecci\u00f3n de los Derechos del Ciudadano, con n\u00famero JDC\/286\/2021, el \u00f3rgano consider\u00f3 que la determinaci\u00f3n de la 64 Legislatura, de restringir las fracciones parlamentarias a partir de tres legisladores, fue desaprobada.<\/p>\n\n\n\n<p>\u201c\u2026 constituye una regresi\u00f3n al derecho de participaci\u00f3n pol\u00edtica de los diputados electos, pues bien, lejos de ampliarlo, ya sea mediante la disminuci\u00f3n del n\u00famero de diputados para constituir una fracci\u00f3n parlamentaria, se restringe, dado que se aumenta el n\u00famero de diputados para formar tal \u00f3rgano interno.<\/p>\n\n\n\n<p>Por lo anterior, consider\u00f3 inaplicable las reformas a la Ley Org\u00e1nica del Poder Legislativo de Oaxaca.<\/p>\n\n\n\n<p>En un comunicado, los hermanos Natividad y Leonardo D\u00edaz Jim\u00e9nez, del PAN, dieron a conocer que la determinaci\u00f3n del TEEO fue tomada el domingo 14 de noviembre:<\/p>\n\n\n\n<p>\u201cEl Tribunal nos ha dado la raz\u00f3n, reiteramos que seremos la voz de las causas justas, buscando siempre el bienestar de las y los ciudadanos oaxaque\u00f1os\u201d, dijeron.<\/p>\n\n\n\n<p>Por su parte, el Partido del Trabajo, tambi\u00e9n a trav\u00e9s de un comunicado, expuso que tambi\u00e9n conformar\u00e1 su fracci\u00f3n parlamentaria, con sus legisladores M\u00edriam de los \u00c1ngeles V\u00e1squez Ruiz y No\u00e9 Doroteo Castillejos, este \u00faltimo que repite en el cargo.<\/p>\n\n\n\n<p>Hasta el momento, el TEEO ha ocultado la resoluci\u00f3n respectiva, que presuntamente fue tomada por unanimidad de voto de los magistrados.<\/p>\n","protected":false},"excerpt":{"rendered":"<p>Redacci\u00f3n\/Zona Roja. Oaxaca de Ju\u00e1rez, Oax., 15 de noviembre de 2021.- Por separado, los partidos&hellip;<\/p>\n","protected":false},"author":2,"featured_media":34337,"comment_status":"closed","ping_status":"open","sticky":false,"template":"","format":"standard","meta":{"_lmt_disableupdate":"","_lmt_disable":"","_jetpack_memberships_contains_paid_content":false,"footnotes":""},"categories":[109,46],"tags":[2235],"class_list":["post-34336","post","type-post","status-publish","format-standard","has-post-thumbnail","hentry","category-minuto-a-minuto","category-zona-blanca","tag-tribunal-electoral-del-estado-de-oaxaca-teeo"],"jetpack_featured_media_url":"https:\/\/zonaroja.com.mx\/wp-content\/uploads\/2021\/11\/Diputados-PAN-y-PT.jpg","jetpack_sharing_enabled":true,"_links":{"self":[{"href":"https:\/\/zonaroja.com.mx\/index.php?rest_route=\/wp\/v2\/posts\/34336","targetHints":{"allow":["GET"]}}],"collection":[{"href":"https:\/\/zonaroja.com.mx\/index.php?rest_route=\/wp\/v2\/posts"}],"about":[{"href":"https:\/\/zonaroja.com.mx\/index.php?rest_route=\/wp\/v2\/types\/post"}],"author":[{"embeddable":true,"href":"https:\/\/zonaroja.com.mx\/index.php?rest_route=\/wp\/v2\/users\/2"}],"replies":[{"embeddable":true,"href":"https:\/\/zonaroja.com.mx\/index.php?rest_route=%2Fwp%2Fv2%2Fcomments&post=34336"}],"version-history":[{"count":1,"href":"https:\/\/zonaroja.com.mx\/index.php?rest_route=\/wp\/v2\/posts\/34336\/revisions"}],"predecessor-version":[{"id":34338,"href":"https:\/\/zonaroja.com.mx\/index.php?rest_route=\/wp\/v2\/posts\/34336\/revisions\/34338"}],"wp:featuredmedia":[{"embeddable":true,"href":"https:\/\/zonaroja.com.mx\/index.php?rest_route=\/wp\/v2\/media\/34337"}],"wp:attachment":[{"href":"https:\/\/zonaroja.com.mx\/index.php?rest_route=%2Fwp%2Fv2%2Fmedia&parent=34336"}],"wp:term":[{"taxonomy":"category","embeddable":true,"href":"https:\/\/zonaroja.com.mx\/index.php?rest_route=%2Fwp%2Fv2%2Fcategories&post=34336"},{"taxonomy":"post_tag","embeddable":true,"href":"https:\/\/zonaroja.com.mx\/index.php?rest_route=%2Fwp%2Fv2%2Ftags&post=34336"}],"curies":[{"name":"wp","href":"https:\/\/api.w.org\/{rel}","templated":true}]}}