{"id":34339,"date":"2021-11-15T21:54:50","date_gmt":"2021-11-16T03:54:50","guid":{"rendered":"http:\/\/www.zonaroja.com.mx\/?p=34339"},"modified":"2021-11-15T21:54:53","modified_gmt":"2021-11-16T03:54:53","slug":"registra-covid-descenso-drastico-en-oaxaca-hoy-9-contagios-y-1-deceso","status":"publish","type":"post","link":"https:\/\/zonaroja.com.mx\/?p=34339","title":{"rendered":"Registra Covid descenso dr\u00e1stico en Oaxaca: hoy 9 contagios y 1 deceso"},"content":{"rendered":"\n<p>Redacci\u00f3n\/Zona Roja.<\/p>\n\n\n\n<p>Oaxaca de Ju\u00e1rez, Oax, 15 de noviembre de 2021.- Tras reiterar que la lucha contra la pandemia no ha terminado, por lo que es necesario mantener vigente las medidas sanitarias para evitar el incremento de contagios, este 15 de noviembre los Servicios de Salud de Oaxaca (SSO), informaron que en las \u00faltimas 24 horas se cuantificaron nueve casos nuevos y una defunci\u00f3n a causa del virus en la entidad.<\/p>\n\n\n\n<p>Con estas cifras, Oaxaca alcanz\u00f3 los 82 mil 377 contagios positivos y cinco mil 545 decesos acumulados en lo que va de la emergencia sanitaria, as\u00ed como 76 mil 578 personas recuperadas, cinco mil 982 casos sospechosos y 61 mil 729 negativos, para un total de 150 mil 088 notificaciones.<\/p>\n\n\n\n<p>En la \u00faltima actualizaci\u00f3n, la instituci\u00f3n precis\u00f3 que hay 254 pacientes con la enfermedad activa residentes de 66 municipios, 138 son de Valles Centrales, 37 del Istmo, 28 de la Mixteca, 23 de la Costa, 13 de Tuxtepec y 15 de la Sierra.<\/p>\n\n\n\n<p>De lo cuatro municipios con casos nuevos reportados este lunes, cuatro personas positivas al virus son habitantes de San Pedro Y\u00f3lox, tres de Oaxaca de Ju\u00e1rez, uno de Ocotl\u00e1n de Morelos y uno m\u00e1s de Santa Cruz Xoxocotl\u00e1n.<\/p>\n\n\n\n<figure class=\"wp-block-embed is-type-rich is-provider-twitter wp-block-embed-twitter\"><div class=\"wp-block-embed__wrapper\">\n<div class=\"twitter-tweet\"><blockquote class=\"twitter-tweet\" data-lang=\"es\"><p lang=\"es\" dir=\"ltr\"><a href=\"https:\/\/twitter.com\/hashtag\/%C3%9AltimoMinuto?src=hash&amp;ref_src=twsrc%5Etfw\">#\u00daltimoMinuto<\/a><br>En <a href=\"https:\/\/twitter.com\/hashtag\/Oaxaca?src=hash&amp;ref_src=twsrc%5Etfw\">#Oaxaca<\/a> este lunes se registraron 9 casos positivos a Covidy 1 deceso, reportaron los Servicios de Salud.<br>Las cifras actualizadas son 82 mil 377 casos confirmados y 5 mil 545 defunciones.<br>Hay 4 nosocomios saturados; la ocupaci\u00f3n hospitalaria promedio es de 25.9%. <a href=\"https:\/\/t.co\/gq3RD3lrRw\">pic.twitter.com\/gq3RD3lrRw<\/a><\/p>&mdash; Zona Roja Oaxaca (@Zona_Roja_Oax) <a href=\"https:\/\/twitter.com\/Zona_Roja_Oax\/status\/1460435995724337154?ref_src=twsrc%5Etfw\">16 de noviembre de 2021<\/a><\/blockquote><\/div>\n<\/div><\/figure>\n\n\n\n<p>La Jurisdicci\u00f3n Sanitaria de Valles Centrales contin\u00faa siendo la zona m\u00e1s afectada, con la incidencia m\u00e1s alta en los municipios urbanos, con un universo de 50 mil 061 casos acumulados y dos mil 458 defunciones, seguido por Istmo con 11 mil 737 y mil 192 decesos, Tuxtepec con cinco mil 497 y 554 fallecimientos, Costa con cinco mil 806 y 467 muertes, Mixteca con seis mil 364 y 568 p\u00e9rdida de vidas, Sierra con dos mil 912 y 306 defunciones.<\/p>\n\n\n\n<p>Tambi\u00e9n se\u00f1al\u00f3 que en este \u00faltimo corte, la red hospitalaria se ubic\u00f3 al 25.9% de ocupaci\u00f3n m\u00e9dica, con un nuevo paciente, para un total de 112 personas hospitalizadas y cuatro hospitales al 100% de saturaci\u00f3n.<\/p>\n\n\n\n<p>Por Jurisdicci\u00f3n Sanitaria, Tuxtepec notific\u00f3 38.2%, Mixteca 34.3%, Istmo 33.3%, Valles Centrales 24.6%, Costa 12.7% y Sierra se mantiene en 0% de ocupaci\u00f3n de camas.<\/p>\n\n\n\n<p>La dependencia de Salud asever\u00f3 que se necesita del compromiso y la participaci\u00f3n de las y los oaxaque\u00f1os para evitar que m\u00e1s personas enfermen, se hospitalicen y fallezcan a causa del virus.<\/p>\n\n\n\n<p>(Comunicado de prensa)<\/p>\n","protected":false},"excerpt":{"rendered":"<p>Redacci\u00f3n\/Zona Roja. Oaxaca de Ju\u00e1rez, Oax, 15 de noviembre de 2021.- Tras reiterar que la&hellip;<\/p>\n","protected":false},"author":2,"featured_media":34340,"comment_status":"closed","ping_status":"open","sticky":false,"template":"","format":"standard","meta":{"_lmt_disableupdate":"","_lmt_disable":"","_jetpack_memberships_contains_paid_content":false,"footnotes":""},"categories":[109,47],"tags":[1512],"class_list":["post-34339","post","type-post","status-publish","format-standard","has-post-thumbnail","hentry","category-minuto-a-minuto","category-zona-gris","tag-coronavirus-oaxaca"],"jetpack_featured_media_url":"https:\/\/zonaroja.com.mx\/wp-content\/uploads\/2021\/11\/SSO-2.jpg","jetpack_sharing_enabled":true,"_links":{"self":[{"href":"https:\/\/zonaroja.com.mx\/index.php?rest_route=\/wp\/v2\/posts\/34339","targetHints":{"allow":["GET"]}}],"collection":[{"href":"https:\/\/zonaroja.com.mx\/index.php?rest_route=\/wp\/v2\/posts"}],"about":[{"href":"https:\/\/zonaroja.com.mx\/index.php?rest_route=\/wp\/v2\/types\/post"}],"author":[{"embeddable":true,"href":"https:\/\/zonaroja.com.mx\/index.php?rest_route=\/wp\/v2\/users\/2"}],"replies":[{"embeddable":true,"href":"https:\/\/zonaroja.com.mx\/index.php?rest_route=%2Fwp%2Fv2%2Fcomments&post=34339"}],"version-history":[{"count":1,"href":"https:\/\/zonaroja.com.mx\/index.php?rest_route=\/wp\/v2\/posts\/34339\/revisions"}],"predecessor-version":[{"id":34341,"href":"https:\/\/zonaroja.com.mx\/index.php?rest_route=\/wp\/v2\/posts\/34339\/revisions\/34341"}],"wp:featuredmedia":[{"embeddable":true,"href":"https:\/\/zonaroja.com.mx\/index.php?rest_route=\/wp\/v2\/media\/34340"}],"wp:attachment":[{"href":"https:\/\/zonaroja.com.mx\/index.php?rest_route=%2Fwp%2Fv2%2Fmedia&parent=34339"}],"wp:term":[{"taxonomy":"category","embeddable":true,"href":"https:\/\/zonaroja.com.mx\/index.php?rest_route=%2Fwp%2Fv2%2Fcategories&post=34339"},{"taxonomy":"post_tag","embeddable":true,"href":"https:\/\/zonaroja.com.mx\/index.php?rest_route=%2Fwp%2Fv2%2Ftags&post=34339"}],"curies":[{"name":"wp","href":"https:\/\/api.w.org\/{rel}","templated":true}]}}