{"id":34343,"date":"2021-11-15T22:01:22","date_gmt":"2021-11-16T04:01:22","guid":{"rendered":"http:\/\/www.zonaroja.com.mx\/?p=34343"},"modified":"2021-11-15T22:01:27","modified_gmt":"2021-11-16T04:01:27","slug":"despues-de-sesion-solemne-morenistas-senalan-mentiras-de-gobernador","status":"publish","type":"post","link":"https:\/\/zonaroja.com.mx\/?p=34343","title":{"rendered":"Despu\u00e9s de sesi\u00f3n solemne, morenistas se\u00f1alan \u201cmentiras\u201d de gobernador"},"content":{"rendered":"\n<p>Evlin Arag\u00f3n\/Zona Roja.<\/p>\n\n\n\n<p>Oaxaca de Ju\u00e1rez, Oax., 15 de noviembre de 2021.- Integrantes de la bancada de Morena en el Congreso local anunciaron que revisaran de manera muy t\u00e9cnica y minuciosa el V Informe de actividades del gobernador Alejandro Murat Hinojosa, mismo que fue entregado esta ma\u00f1ana a los legisladores.&nbsp;<\/p>\n\n\n\n<p>Las principales quejas por parte de la bancada morenista tras el informe fueron en torno al abandono, pobreza, corrupci\u00f3n, falta de transparencia y atenci\u00f3n a los municipios, e inseguridad que se vive actualmente en la entidad, adem\u00e1s de contar con funcionarios insensibles en la actual administraci\u00f3n.&nbsp;<\/p>\n\n\n\n<p>\u201cLa lista de reclamos sobre las injustas formas de administrar los recursos del estado son m\u00e1s largas o m\u00e1s extensas que el informe que \u00e9l acaba de presentar\u201d, coincidieron las y los integrantes de la bancada.&nbsp;<\/p>\n\n\n\n<p>En conferencia de prensa, cuestionaron que los logros que se destacaron sean con base a los resultados del gobierno federal, encabezado por Andr\u00e9s Manuel L\u00f3pez Obrador, claro ejemplo la reducci\u00f3n de la pobreza que apunta el Coneval y que responde a los programas de apoyo implementados por la Federaci\u00f3n.<\/p>\n\n\n\n<p>En este mismo sentido reclamaron la ausencia de obra p\u00fablica realizada como parte de la administraci\u00f3n estatal, toda vez que se hace referencia \u00fanicamente a aquella que se realiza con el aporte federal, como es el caso del Proyecto Trans\u00edstmico, as\u00ed como las carreteras a la Costa y el Istmo de Tehuantepec.<\/p>\n\n\n\n<p>\u201cNo me encuentro satisfecha, pero vamos a revisar el documento. No es gratificante escuchar que simplemente se presumen obras que corresponden al gobierno federal o forman parte de la conclusi\u00f3n de sexenios anteriores\u201d, dijo la diputada Hayde\u00e9 Reyes Soto.\u00a0<\/p>\n\n\n\n<figure class=\"wp-block-embed is-type-rich is-provider-twitter wp-block-embed-twitter\"><div class=\"wp-block-embed__wrapper\">\n<div class=\"twitter-tweet\"><blockquote class=\"twitter-tweet\" data-lang=\"es\"><p lang=\"es\" dir=\"ltr\"><a href=\"https:\/\/twitter.com\/hashtag\/ENVIVO?src=hash&amp;ref_src=twsrc%5Etfw\">#ENVIVO<\/a> <br>San Raymundo Jalpan, Oax., 15 de noviembre de 2021.- Conferencia de prensa de la fracci\u00f3n parlamentaria del Partido Morena en el Congreso local.<br>Aqu\u00ed la transmisi\u00f3n:<br>\ud83d\udc47<a href=\"https:\/\/t.co\/SYU7ML8n5f\">https:\/\/t.co\/SYU7ML8n5f<\/a> <a href=\"https:\/\/t.co\/ZmtMjosbaB\">pic.twitter.com\/ZmtMjosbaB<\/a><\/p>&mdash; Zona Roja Oaxaca (@Zona_Roja_Oax) <a href=\"https:\/\/twitter.com\/Zona_Roja_Oax\/status\/1460309229487730694?ref_src=twsrc%5Etfw\">15 de noviembre de 2021<\/a><\/blockquote><\/div>\n<\/div><\/figure>\n\n\n\n<p>En este mismo sentido, el diputado Luis Alberto Sosa Castillo celebr\u00f3 que Alejandro Murat haya dado un informe detallado de los logros del gobierno federal \u201ces un honor estar con Obrador\u201d, sentenci\u00f3, a la par que se\u00f1al\u00f3 la falta de atenci\u00f3n a las autoridades municipales donde no hay mezcla de recursos para la obra p\u00fablica.&nbsp;<\/p>\n\n\n\n<p>Desaprob\u00f3 el informe y detall\u00f3 que revisar\u00e1n hoja por hoja lo entregado por el mandatario, poniendo atenci\u00f3n en el sector salud que se encuentra actualmente en crisis con el despido de personal, la falta de medicamentos e insumos al interior de los hospitales.&nbsp;<\/p>\n\n\n\n<p>Por su parte, la diputada Melina Hern\u00e1ndez Sosa lament\u00f3 el abandono de la Sierra Ju\u00e1rez y de toda la poblaci\u00f3n ind\u00edgena que dijo merece un presupuesto m\u00e1s certero, m\u00e1s eficaz y comprometido a fin de atender todas las demandas y garantizar los derechos.&nbsp;<\/p>\n\n\n\n<p>Finalmente, la diputada Luisa Cort\u00e9s Garc\u00eda calific\u00f3 como una burla la serie de mentiras que enunci\u00f3 el mandatario estatal, toda vez que dijo hay una enorme corrupci\u00f3n en la entidad, prueba de ello la falta de atenci\u00f3n a las y los damnificados por los sismos del 2017, quienes a\u00fan piden la reconstrucci\u00f3n total de sus viviendas y escuelas.&nbsp;<\/p>\n\n\n\n<p>\u201cEs pura mentira, si no es por el gobierno federal esa gente todav\u00eda estar\u00eda sin vivienda\u201d, reclam\u00f3 la legisladora.&nbsp;<\/p>\n\n\n\n<p>Ante las preguntas de los medios de comunicaci\u00f3n negaron que su posicionamiento cr\u00edtico contra el gobernador tenga que ver con el proceso electoral en curso, en el que buscan quitarle el poder al Partido Revolucionario Institucional (PRI).<\/p>\n\n\n\n<p>A la par que negaron la fractura de la bancada, aunque reconocieron que hay diferencias de pensamiento al interior del propio partido, lo cual indicaron que puede convertirse en una virtud y no en defecto, toda vez que el eje que los une es la Cuarta Transformaci\u00f3n.&nbsp;<\/p>\n","protected":false},"excerpt":{"rendered":"<p>Evlin Arag\u00f3n\/Zona Roja. Oaxaca de Ju\u00e1rez, Oax., 15 de noviembre de 2021.- Integrantes de la&hellip;<\/p>\n","protected":false},"author":2,"featured_media":34344,"comment_status":"closed","ping_status":"open","sticky":false,"template":"","format":"standard","meta":{"_lmt_disableupdate":"","_lmt_disable":"","_jetpack_memberships_contains_paid_content":false,"footnotes":""},"categories":[109,47],"tags":[2743],"class_list":["post-34343","post","type-post","status-publish","format-standard","has-post-thumbnail","hentry","category-minuto-a-minuto","category-zona-gris","tag-65-legislatura-del-estado-de-oaxaca"],"jetpack_featured_media_url":"https:\/\/zonaroja.com.mx\/wp-content\/uploads\/2021\/11\/Diputados-Morena-Oaxaca.jpg","jetpack_sharing_enabled":true,"_links":{"self":[{"href":"https:\/\/zonaroja.com.mx\/index.php?rest_route=\/wp\/v2\/posts\/34343","targetHints":{"allow":["GET"]}}],"collection":[{"href":"https:\/\/zonaroja.com.mx\/index.php?rest_route=\/wp\/v2\/posts"}],"about":[{"href":"https:\/\/zonaroja.com.mx\/index.php?rest_route=\/wp\/v2\/types\/post"}],"author":[{"embeddable":true,"href":"https:\/\/zonaroja.com.mx\/index.php?rest_route=\/wp\/v2\/users\/2"}],"replies":[{"embeddable":true,"href":"https:\/\/zonaroja.com.mx\/index.php?rest_route=%2Fwp%2Fv2%2Fcomments&post=34343"}],"version-history":[{"count":1,"href":"https:\/\/zonaroja.com.mx\/index.php?rest_route=\/wp\/v2\/posts\/34343\/revisions"}],"predecessor-version":[{"id":34345,"href":"https:\/\/zonaroja.com.mx\/index.php?rest_route=\/wp\/v2\/posts\/34343\/revisions\/34345"}],"wp:featuredmedia":[{"embeddable":true,"href":"https:\/\/zonaroja.com.mx\/index.php?rest_route=\/wp\/v2\/media\/34344"}],"wp:attachment":[{"href":"https:\/\/zonaroja.com.mx\/index.php?rest_route=%2Fwp%2Fv2%2Fmedia&parent=34343"}],"wp:term":[{"taxonomy":"category","embeddable":true,"href":"https:\/\/zonaroja.com.mx\/index.php?rest_route=%2Fwp%2Fv2%2Fcategories&post=34343"},{"taxonomy":"post_tag","embeddable":true,"href":"https:\/\/zonaroja.com.mx\/index.php?rest_route=%2Fwp%2Fv2%2Ftags&post=34343"}],"curies":[{"name":"wp","href":"https:\/\/api.w.org\/{rel}","templated":true}]}}