{"id":34346,"date":"2021-11-16T08:05:15","date_gmt":"2021-11-16T14:05:15","guid":{"rendered":"http:\/\/www.zonaroja.com.mx\/?p=34346"},"modified":"2021-11-16T08:40:52","modified_gmt":"2021-11-16T14:40:52","slug":"v-informe-fiesta-del-gobierno-pleitesia-del-legislativo","status":"publish","type":"post","link":"https:\/\/zonaroja.com.mx\/?p=34346","title":{"rendered":"V Informe: fiesta del gobierno; pleites\u00eda del Legislativo"},"content":{"rendered":"\n<p>Ismael Garc\u00eda M.\/Zona Roja.<\/p>\n\n\n\n<p>San Raymundo Jalpan, Oax., 15 de noviembre de 2021.- Como si los astros se alinearan por arte de magia, el gobernador de Oaxaca tuvo un d\u00eda rosa en la sede del Poder Legislativo. Como si la oposici\u00f3n no existiera, o como si la oposici\u00f3n pecara de complaciente en exceso.<\/p>\n\n\n\n<p>A los legisladores que son mayor\u00eda en la 65 Legislatura del Congreso tampoco les import\u00f3 modificar la hora de la sesi\u00f3n solemne, con tal de complacer a Alejandro Ismael Murat Hinojosa, a quien poco le falt\u00f3 salir en hombros\u2026 de los propios morenistas.<\/p>\n\n\n\n<p>Fue el s\u00e1bado en que, tras la instalaci\u00f3n de la Legislatura, se determin\u00f3 a las 11:00 horas la sesi\u00f3n solemne para iniciar actividades y para recibir el informe del gobernador priista.<\/p>\n\n\n\n<p>Pero el domingo todo cambi\u00f3 y sin aviso por escrito, tambi\u00e9n sin chistar, los legisladores, en su mayor\u00eda de Morena, aceptaron madrugar.<\/p>\n\n\n\n<p>M\u00e1s madrugador Alejandro Murat. A las 08:55 del lunes entr\u00f3 por la puerta grande, el acceso principal, y con pleites\u00eda fue recibido por un grupo de diputadas y diputados, que se empujaban por aparecer en la foto con el mandatario. Mariana Ben\u00edtez, Laura Estrada y Natividad D\u00edaz, las mujeres que lo flanquearon.<\/p>\n\n\n\n<p>Para no hacer esperar mucho al mandatario, diez minutos despu\u00e9s de las nueve de la ma\u00f1ana inici\u00f3 la sesi\u00f3n, con tres ausencias: Gustavo D\u00edaz S\u00e1nchez, preso; Horacio Sosa, a\u00fan convaleciente, y Sesul Bola\u00f1os, \u201cque atend\u00eda asuntos personales\u201d, aunque no se sabe si se trataba de la infidelidad por el cual fue exhibido.<\/p>\n\n\n\n<p>MUY COMPLACIENTES<\/p>\n\n\n\n<p>Pasaron a la mesa los titulares del Ejecutivo, Murat Hinojosa, y otro invitado, el magistrado Eduardo Pinacho S\u00e1nchez, responsable del Poder Judicial.<\/p>\n\n\n\n<p>Tras la declaratoria de inicio del periodo ordinario de sesiones, en voz de la priista Mariana Ben\u00edtez, a las 09:22, y luego de la entrega del V Informe, el gobernante inici\u00f3 su mensaje.<\/p>\n\n\n\n<p>Muchos dislates durante su mensaje; casi una hora de palabrer\u00eda, que los 39 diputados y diputadas escucharon complacientes; poco falt\u00f3 para que aplaudieran a cada logro.<\/p>\n\n\n\n<p>Pocos repararon en las palabras del mandatario, al llamar reiteradamente \u201ccompa\u00f1eras y compa\u00f1eros\u201d a los representantes populares. Cinco minutos despu\u00e9s de las 10, termin\u00f3 la perorata.<\/p>\n\n\n\n<p>\u201cUna vez m\u00e1s quiero agradecer a este Congreso la oportunidad que me brinda de estar aqu\u00ed\u2026 \u00a1Mi \u00fanica manera de entender la pol\u00edtica es a trav\u00e9s de la construcci\u00f3n de acuerdo y del di\u00e1logo!&#8230;<\/p>\n\n\n\n<p>\u201cEste \u00faltimo a\u00f1o trabajar\u00e9 como lo he hecho en estos \u00faltimos cinco, con alegr\u00eda, con valent\u00eda y con coraje\u201d, cerr\u00f3 Murat.<\/p>\n\n\n\n<p>Vino la respuesta al mensaje por parte de Mariana Ben\u00edtez, presidenta de la Mesa Directiva, cual priista, halagadora, pese a no ser del equipo pol\u00edtico de la \u201cburbuja\u201d gobernante.<\/p>\n\n\n\n<p>Fue la salomonista Nancy Ben\u00edtez quien inici\u00f3 con la postura de Morena, en que remarc\u00f3 que \u201cOaxaca est\u00e1 inmersa en una profunda crisis de corrupci\u00f3n, autoritarismo, simulaci\u00f3n y abandono, a pesar de ello, la mayor\u00eda de la poblaci\u00f3n trabaja diario\u201d.<\/p>\n\n\n\n<p>M\u00e1s como presentaci\u00f3n juvenil de oradora que de tribuna, dio algunas cifras para intentar rebatir el informe.<\/p>\n\n\n\n<p>MINIPANCARTAS<\/p>\n\n\n\n<figure class=\"wp-block-embed is-type-rich is-provider-twitter wp-block-embed-twitter\"><div class=\"wp-block-embed__wrapper\">\n<div class=\"twitter-tweet\"><blockquote class=\"twitter-tweet\" data-lang=\"es\"><p lang=\"es\" dir=\"ltr\">Tibia protesta de un reducido grupo de diputados de <a href=\"https:\/\/twitter.com\/hashtag\/Morena?src=hash&amp;ref_src=twsrc%5Etfw\">#Morena<\/a>, durante el mensaje del gobernador <a href=\"https:\/\/twitter.com\/alejandromurat?ref_src=twsrc%5Etfw\">@alejandromurat<\/a> en la sesi\u00f3n solamente del <a href=\"https:\/\/twitter.com\/CongresoOaxaca_?ref_src=twsrc%5Etfw\">@CongresoOaxaca_<\/a>, este lunes. <a href=\"https:\/\/t.co\/AVNHqw4MpH\">pic.twitter.com\/AVNHqw4MpH<\/a><\/p>&mdash; Zona Roja Oaxaca (@Zona_Roja_Oax) <a href=\"https:\/\/twitter.com\/Zona_Roja_Oax\/status\/1460379839395942402?ref_src=twsrc%5Etfw\">15 de noviembre de 2021<\/a><\/blockquote><\/div>\n<\/div><\/figure>\n\n\n\n<p>Sigui\u00f3 el morenista Sergio L\u00f3pez S\u00e1nchez, tambi\u00e9n tibio en su mensaje. Mientras iniciaba, unos cinco legisladores de Morena, entre ellos Luisa Cort\u00e9s y Nicol\u00e1s Feria &#8211;a quien se\u00f1alan de usar un veh\u00edculo robado para promover a Salom\u00f3n Jara&#8211; sacaron pancartas improvisadas en folders, con letras que nadie ve\u00eda, para supuestamente exhibir las mentiras del informe.<\/p>\n\n\n\n<p>El perredista V\u00edctor Ra\u00fal Hern\u00e1ndez opt\u00f3 por temas judiciales, que ata\u00f1en a la Fiscal\u00eda General, como el caso de la fotoperiodista Mar\u00eda del Sol y de la saxofonista Mar\u00eda Elena R\u00edos.<\/p>\n\n\n\n<p>Natividad D\u00edaz, del PAN, tambi\u00e9n, con p\u00e9sima lectura, trat\u00f3 lo m\u00e1s que pudo de ser complaciente, tanto que sorprendi\u00f3 a los legisladores. No\u00e9 Doroteo Castillejos, tambi\u00e9n gris, al igual que Eva Diego, del PVEM.<\/p>\n\n\n\n<p>De Nueva Alianza, Adriana Altamirano, poco le falt\u00f3 para aplaudir al gobernante; \u201cestoy segura que muchos de mis compa\u00f1eros no coincidimos en el color, pero s\u00ed en los ideales para el progreso de Oaxaca\u201d, dijo, con un repetido, en cada p\u00e1rrafo, de su \u201cquiero decirle se\u00f1or gobernador\u201d.<\/p>\n\n\n\n<p>Del PUP, X\u00f3chitl Jazm\u00edn Vel\u00e1squez, que se limit\u00f3 a decir que el \u00faltimo informe \u201cest\u00e1 desconectado de la realidad, llegando al \u00faltimo a\u00f1o de su gobierno con m\u00e1s compromisos que logros\u201d, expuso, tras remarcar que no ser\u00e1n c\u00f3mplices en el Legislativo,.<\/p>\n\n\n\n<p>Todos coincidieron en algunos asuntos, como la grave crisis en salud, y la nula atenci\u00f3n de funcionarios estatales.<\/p>\n\n\n\n<p>A las 11:23 vino el final, con el Himno Nacional, y tras ello la acostumbrada sesi\u00f3n de fotos con el gobernante.<\/p>\n\n\n\n<p>Al t\u00e9rmino, intentos de los guardias por impedir la entrevista colectiva al gobernador, que al final Murat opt\u00f3 por cortar de tajo y recalcar que no mover\u00e1 a nadie del gabinete, pese a los cuestionamientos. Sali\u00f3 de nuevo por la puerta grande.<\/p>\n\n\n\n<p>Ya casi al medio d\u00eda, Morena cit\u00f3 a conferencia de prensa para criticar el informe de gobierno\u2026 una vez que ya se hab\u00eda retirado el mandatario. Escenario sin protestas ni bloqueos; polic\u00edas por doquier por si las dudas; diputados complacients, signos de la 4T.<\/p>\n\n\n\n<figure class=\"wp-block-embed is-type-rich is-provider-twitter wp-block-embed-twitter\"><div class=\"wp-block-embed__wrapper\">\n<div class=\"twitter-tweet\"><blockquote class=\"twitter-tweet\" data-lang=\"es\"><p lang=\"es\" dir=\"ltr\"><a href=\"https:\/\/twitter.com\/hashtag\/%C3%9AltimoMinuto?src=hash&amp;ref_src=twsrc%5Etfw\">#\u00daltimoMinuto<\/a> <br>Llega el titular del Poder Ejecutivo, <a href=\"https:\/\/twitter.com\/alejandromurat?ref_src=twsrc%5Etfw\">@alejandromurat<\/a>, a la sede del <a href=\"https:\/\/twitter.com\/CongresoOaxaca_?ref_src=twsrc%5Etfw\">@CongresoOaxaca_<\/a>, para la entrega de su V Informe de Gobierno. <a href=\"https:\/\/t.co\/2VWNoOO1rj\">pic.twitter.com\/2VWNoOO1rj<\/a><\/p>&mdash; Zona Roja Oaxaca (@Zona_Roja_Oax) <a href=\"https:\/\/twitter.com\/Zona_Roja_Oax\/status\/1460262277702115331?ref_src=twsrc%5Etfw\">15 de noviembre de 2021<\/a><\/blockquote><\/div>\n<\/div><\/figure>\n","protected":false},"excerpt":{"rendered":"<p>Ismael Garc\u00eda M.\/Zona Roja. San Raymundo Jalpan, Oax., 15 de noviembre de 2021.- Como si&hellip;<\/p>\n","protected":false},"author":2,"featured_media":34347,"comment_status":"closed","ping_status":"open","sticky":false,"template":"","format":"standard","meta":{"_lmt_disableupdate":"","_lmt_disable":"","_jetpack_memberships_contains_paid_content":false,"footnotes":""},"categories":[109,47],"tags":[2743,173],"class_list":["post-34346","post","type-post","status-publish","format-standard","has-post-thumbnail","hentry","category-minuto-a-minuto","category-zona-gris","tag-65-legislatura-del-estado-de-oaxaca","tag-alejandro-murat-hinojosa"],"jetpack_featured_media_url":"https:\/\/zonaroja.com.mx\/wp-content\/uploads\/2021\/11\/Cronica-Murat-Congreso-Oaxaca.jpg","jetpack_sharing_enabled":true,"_links":{"self":[{"href":"https:\/\/zonaroja.com.mx\/index.php?rest_route=\/wp\/v2\/posts\/34346","targetHints":{"allow":["GET"]}}],"collection":[{"href":"https:\/\/zonaroja.com.mx\/index.php?rest_route=\/wp\/v2\/posts"}],"about":[{"href":"https:\/\/zonaroja.com.mx\/index.php?rest_route=\/wp\/v2\/types\/post"}],"author":[{"embeddable":true,"href":"https:\/\/zonaroja.com.mx\/index.php?rest_route=\/wp\/v2\/users\/2"}],"replies":[{"embeddable":true,"href":"https:\/\/zonaroja.com.mx\/index.php?rest_route=%2Fwp%2Fv2%2Fcomments&post=34346"}],"version-history":[{"count":3,"href":"https:\/\/zonaroja.com.mx\/index.php?rest_route=\/wp\/v2\/posts\/34346\/revisions"}],"predecessor-version":[{"id":34358,"href":"https:\/\/zonaroja.com.mx\/index.php?rest_route=\/wp\/v2\/posts\/34346\/revisions\/34358"}],"wp:featuredmedia":[{"embeddable":true,"href":"https:\/\/zonaroja.com.mx\/index.php?rest_route=\/wp\/v2\/media\/34347"}],"wp:attachment":[{"href":"https:\/\/zonaroja.com.mx\/index.php?rest_route=%2Fwp%2Fv2%2Fmedia&parent=34346"}],"wp:term":[{"taxonomy":"category","embeddable":true,"href":"https:\/\/zonaroja.com.mx\/index.php?rest_route=%2Fwp%2Fv2%2Fcategories&post=34346"},{"taxonomy":"post_tag","embeddable":true,"href":"https:\/\/zonaroja.com.mx\/index.php?rest_route=%2Fwp%2Fv2%2Ftags&post=34346"}],"curies":[{"name":"wp","href":"https:\/\/api.w.org\/{rel}","templated":true}]}}