{"id":34351,"date":"2021-11-16T08:27:45","date_gmt":"2021-11-16T14:27:45","guid":{"rendered":"http:\/\/www.zonaroja.com.mx\/?p=34351"},"modified":"2021-11-16T08:27:51","modified_gmt":"2021-11-16T14:27:51","slug":"pide-la-cndh-mayor-voluntad-politica-a-fgr-y-ceav-en-caso-nochixtlan","status":"publish","type":"post","link":"https:\/\/zonaroja.com.mx\/?p=34351","title":{"rendered":"Pide la CNDH \u201cmayor voluntad pol\u00edtica\u201d a FGR y CEAV en caso Nochixtl\u00e1n"},"content":{"rendered":"\n<p>Redacci\u00f3n\/Zona Roja Cdmx.<\/p>\n\n\n\n<p>Ciudad de M\u00e9xico, 16 de noviembre de 2021.- La Comisi\u00f3n Nacional de los Derechos Humanos (CNDH) exhort\u00f3 a la Fiscal\u00eda General de la Rep\u00fablica (FGR) y a la Comisi\u00f3n Ejecutiva de Atenci\u00f3n a V\u00edctimas (CEAV) a cumplir con la Recomendaci\u00f3n 7VG\/2017, en torno a los acontecimientos de violencia ocurridos en junio de 2016 en Asunci\u00f3n Nochixtl\u00e1n, Oaxaca, que ocasionaron la muerte de 8 personas y 103 lesionados.<\/p>\n\n\n\n<p>A cinco a\u00f1os de los acontecimientos, a la FGR&nbsp; se le pidi\u00f3 que muestre \u201cmayor voluntad pol\u00edtica\u201d para que se realicen todas las diligencias necesarias a efecto de asegurar que las personas en situaci\u00f3n de v\u00edctimas obtengan justicia, reparaci\u00f3n integral del da\u00f1o y la garant\u00eda de no repetici\u00f3n de actos violatorios para la poblaci\u00f3n de Asunci\u00f3n Nochixtl\u00e1n, San Pablo Huitzo y Tlaxiaco en la entidad oaxaque\u00f1a y sus familias.<\/p>\n\n\n\n<p>Adem\u00e1s, la CNDH exhort\u00f3 a la CEAV para que cumpla con la deuda que se tiene ya que \u201cse observa una grave falta de acciones que impide acceso a la verdad, justicia y reparaci\u00f3n a las personas en situaci\u00f3n de v\u00edctimas\u201d.<\/p>\n\n\n\n<p>Por lo anterior solicit\u00f3, la revisi\u00f3n del listado de las personas en situaci\u00f3n de v\u00edctimas que hasta la fecha reciben medidas de ayuda inmediata y asistencia.<\/p>\n\n\n\n<p>Y la verificaci\u00f3n de los montos asignados dado que no hay claridad en los criterios para calcular los pagos, as\u00ed como los requerimientos necesarios para avanzar hacia la reparaci\u00f3n integral. \u201cNo obstante que dichas medidas son de car\u00e1cter temporal, llevan alrededor de cinco a\u00f1os sin que haya revisi\u00f3n alguna sobre su continuidad\u201d.<\/p>\n\n\n\n<p>El Organismo Nacional, tambi\u00e9n solicit\u00f3 a la CEAV, generar un mecanismo de coordinaci\u00f3n intergubernamental para garantizar y satisfacer las necesidades de atenci\u00f3n especializada de las personas en situaci\u00f3n de v\u00edctimas desde un enfoque de interseccionalidad, g\u00e9nero, interculturalidad, infancia y de derechos humanos.<\/p>\n\n\n\n<p>Cabe se\u00f1alar, que las solicitudes se basan en el Informe Diagn\u00f3stico sobre los sucesos de Asunci\u00f3n Nochixtl\u00e1n 2016: Recomendaci\u00f3n 7VG\/2017, emitido por la CNDH como \u201cun camino para la reparaci\u00f3n integral, a fin de documentar los testimonios de las personas en situaci\u00f3n de v\u00edctimas de los hechos victimizantes que contin\u00faan impunes\u201d.<\/p>\n\n\n\n<p>(Informaci\u00f3n de \u201cExc\u00e9lsior\u201d)<\/p>\n","protected":false},"excerpt":{"rendered":"<p>Redacci\u00f3n\/Zona Roja Cdmx. Ciudad de M\u00e9xico, 16 de noviembre de 2021.- La Comisi\u00f3n Nacional de&hellip;<\/p>\n","protected":false},"author":2,"featured_media":28768,"comment_status":"closed","ping_status":"open","sticky":false,"template":"","format":"standard","meta":{"_lmt_disableupdate":"","_lmt_disable":"","_jetpack_memberships_contains_paid_content":false,"footnotes":""},"categories":[109,47],"tags":[249],"class_list":["post-34351","post","type-post","status-publish","format-standard","has-post-thumbnail","hentry","category-minuto-a-minuto","category-zona-gris","tag-comite-de-victimas-nochixtlan"],"jetpack_featured_media_url":"https:\/\/zonaroja.com.mx\/wp-content\/uploads\/2021\/06\/Victimas-Nochixtlan.jpg","jetpack_sharing_enabled":true,"_links":{"self":[{"href":"https:\/\/zonaroja.com.mx\/index.php?rest_route=\/wp\/v2\/posts\/34351","targetHints":{"allow":["GET"]}}],"collection":[{"href":"https:\/\/zonaroja.com.mx\/index.php?rest_route=\/wp\/v2\/posts"}],"about":[{"href":"https:\/\/zonaroja.com.mx\/index.php?rest_route=\/wp\/v2\/types\/post"}],"author":[{"embeddable":true,"href":"https:\/\/zonaroja.com.mx\/index.php?rest_route=\/wp\/v2\/users\/2"}],"replies":[{"embeddable":true,"href":"https:\/\/zonaroja.com.mx\/index.php?rest_route=%2Fwp%2Fv2%2Fcomments&post=34351"}],"version-history":[{"count":1,"href":"https:\/\/zonaroja.com.mx\/index.php?rest_route=\/wp\/v2\/posts\/34351\/revisions"}],"predecessor-version":[{"id":34352,"href":"https:\/\/zonaroja.com.mx\/index.php?rest_route=\/wp\/v2\/posts\/34351\/revisions\/34352"}],"wp:featuredmedia":[{"embeddable":true,"href":"https:\/\/zonaroja.com.mx\/index.php?rest_route=\/wp\/v2\/media\/28768"}],"wp:attachment":[{"href":"https:\/\/zonaroja.com.mx\/index.php?rest_route=%2Fwp%2Fv2%2Fmedia&parent=34351"}],"wp:term":[{"taxonomy":"category","embeddable":true,"href":"https:\/\/zonaroja.com.mx\/index.php?rest_route=%2Fwp%2Fv2%2Fcategories&post=34351"},{"taxonomy":"post_tag","embeddable":true,"href":"https:\/\/zonaroja.com.mx\/index.php?rest_route=%2Fwp%2Fv2%2Ftags&post=34351"}],"curies":[{"name":"wp","href":"https:\/\/api.w.org\/{rel}","templated":true}]}}