{"id":3436,"date":"2019-08-27T07:36:12","date_gmt":"2019-08-27T12:36:12","guid":{"rendered":"http:\/\/www.zonaroja.com.mx\/?p=3436"},"modified":"2019-08-27T07:36:15","modified_gmt":"2019-08-27T12:36:15","slug":"disparan-mas-de-100-veces-en-fiesta-y-matan-a-tres-ninas-y-un-adulto","status":"publish","type":"post","link":"https:\/\/zonaroja.com.mx\/?p=3436","title":{"rendered":"Disparan m\u00e1s de 100 veces en fiesta y matan a tres ni\u00f1as y un adulto"},"content":{"rendered":"\n<p>Redacci\u00f3n\/Zona\nRoja.<\/p>\n\n\n\n<p>Ciudad de\nM\u00e9xico, 27 de agosto de 2019.- Integrantes de un grupo armado irrumpieron en una\nfiesta en Ciudad Ju\u00e1rez, Chihuahua, y mataron a tres ni\u00f1as y un adulto, adem\u00e1s\nde secuestrar a otra persona, residente de El Paso, Texas.<\/p>\n\n\n\n<p>De acuerdo\ncon la Secretar\u00eda de Seguridad y Protecci\u00f3n Ciudadana, as\u00ed como de la Fiscal\u00eda\nGeneral de esa entidad, los hechos sucedieron en una granja de la colonia\nRiberas del Bravo, donde la familia Gordillo celebraba un peque\u00f1o convivio.<\/p>\n\n\n\n<p>Al sitio\narribaron al menos cinco sujetos quienes acribillaron el lugar, lo que dej\u00f3\ncomo saldo la muerte de Lindsay \u201cN\u201d, de 14 a\u00f1os de edad, quien perdi\u00f3 la vida\nen el lugar, as\u00ed como sus hermanas Sherlyn y Arleth de 13 y cuatro a\u00f1os,\nrespectivamente, quienes fallecieron mientras eran trasladadas a un hospital de\nla ciudad. <\/p>\n\n\n\n<p>Tambi\u00e9n\nperdi\u00f3 la vida Rafael \u201cN\u201d, de 25 a\u00f1os. Seg\u00fan datos de la Fiscal\u00eda, en la escena\ndel crimen fueron asegurados 114 casquillos en total, de los cuales 60 eran\ncalibre .223, de R-15; 26, de AK 47 o cuerno de chivo; 18, de .308; un rifle de\nuso exclusivo del Ej\u00e9rcito; tres casquillos de 12 mil\u00edmetros, y siete de nueve\nmil\u00edmetros.<\/p>\n\n\n\n<p>Tras la\nmasacre, fue secuestrado Jos\u00e9 Francisco Quezada Espinoza, de 30 a\u00f1os de edad,\ncuya familia interpuso ayer una denuncia por desaparici\u00f3n. <\/p>\n\n\n\n<p>De acuerdo\ncon las primeras indagatorias de la Fiscal\u00eda General, el grupo criminal \u201cLos\nMexicles\u201d, brazo armado del C\u00e1rtel de Sinaloa, es el principal sospechoso de\nlos asesinatos, aunque se indagan los motivos.<\/p>\n","protected":false},"excerpt":{"rendered":"<p>Redacci\u00f3n\/Zona Roja. Ciudad de M\u00e9xico, 27 de agosto de 2019.- Integrantes de un grupo armado&hellip;<\/p>\n","protected":false},"author":2,"featured_media":2940,"comment_status":"closed","ping_status":"open","sticky":false,"template":"","format":"standard","meta":{"_lmt_disableupdate":"","_lmt_disable":"","_jetpack_memberships_contains_paid_content":false,"footnotes":""},"categories":[109,51],"tags":[626],"class_list":["post-3436","post","type-post","status-publish","format-standard","has-post-thumbnail","hentry","category-minuto-a-minuto","category-zona-roja","tag-masacre-ciudad-juarez"],"jetpack_featured_media_url":"https:\/\/zonaroja.com.mx\/wp-content\/uploads\/2019\/08\/Asesinatos.jpg","jetpack_sharing_enabled":true,"_links":{"self":[{"href":"https:\/\/zonaroja.com.mx\/index.php?rest_route=\/wp\/v2\/posts\/3436","targetHints":{"allow":["GET"]}}],"collection":[{"href":"https:\/\/zonaroja.com.mx\/index.php?rest_route=\/wp\/v2\/posts"}],"about":[{"href":"https:\/\/zonaroja.com.mx\/index.php?rest_route=\/wp\/v2\/types\/post"}],"author":[{"embeddable":true,"href":"https:\/\/zonaroja.com.mx\/index.php?rest_route=\/wp\/v2\/users\/2"}],"replies":[{"embeddable":true,"href":"https:\/\/zonaroja.com.mx\/index.php?rest_route=%2Fwp%2Fv2%2Fcomments&post=3436"}],"version-history":[{"count":1,"href":"https:\/\/zonaroja.com.mx\/index.php?rest_route=\/wp\/v2\/posts\/3436\/revisions"}],"predecessor-version":[{"id":3437,"href":"https:\/\/zonaroja.com.mx\/index.php?rest_route=\/wp\/v2\/posts\/3436\/revisions\/3437"}],"wp:featuredmedia":[{"embeddable":true,"href":"https:\/\/zonaroja.com.mx\/index.php?rest_route=\/wp\/v2\/media\/2940"}],"wp:attachment":[{"href":"https:\/\/zonaroja.com.mx\/index.php?rest_route=%2Fwp%2Fv2%2Fmedia&parent=3436"}],"wp:term":[{"taxonomy":"category","embeddable":true,"href":"https:\/\/zonaroja.com.mx\/index.php?rest_route=%2Fwp%2Fv2%2Fcategories&post=3436"},{"taxonomy":"post_tag","embeddable":true,"href":"https:\/\/zonaroja.com.mx\/index.php?rest_route=%2Fwp%2Fv2%2Ftags&post=3436"}],"curies":[{"name":"wp","href":"https:\/\/api.w.org\/{rel}","templated":true}]}}