{"id":34362,"date":"2021-11-16T16:54:28","date_gmt":"2021-11-16T22:54:28","guid":{"rendered":"http:\/\/www.zonaroja.com.mx\/?p=34362"},"modified":"2021-11-16T16:54:31","modified_gmt":"2021-11-16T22:54:31","slug":"da-reves-la-scjn-a-prolongacion-de-mandato-propuesta-que-hizo-senador-cue","status":"publish","type":"post","link":"https:\/\/zonaroja.com.mx\/?p=34362","title":{"rendered":"Da rev\u00e9s la SCJN a prolongaci\u00f3n de mandato, propuesta que hizo senador Cu\u00e9"},"content":{"rendered":"\n<p>Redacci\u00f3n\/Zona Roja Cdmx.<\/p>\n\n\n\n<p>Ciudad de M\u00e9xico, 16 de noviembre de 2021.- Por unanimidad de votos, el pleno de la Suprema Corte de Justicia de la Naci\u00f3n (SCJN) invalid\u00f3 la ampliaci\u00f3n de mandato de Arturo Zald\u00edvar como ministro presidente del m\u00e1ximo tribunal del pa\u00eds, al considerarla inconstitucional.<\/p>\n\n\n\n<p>La propuesta de modificaci\u00f3n constitucional fue planteada con anterioridad por el senador del PVEM, Ra\u00fal Bola\u00f1os Cacho Cu\u00e9, azuzado por el senador morenista Ricardo Monreal \u00c1vila.<\/p>\n\n\n\n<p>Este martes, la Corte invalid\u00f3 el art\u00edculo 13 transitorio del decreto de reformas en materia de justicia federal que ampliaba el plazo de los cargos del presidente actual de la SCJN y de los consejeros de la Judicatura.<\/p>\n\n\n\n<p>\u201cLos legisladores como funcionarios p\u00fablicos que son, est\u00e1n obligados a acatar la norma constitucional sin excusa ni pretexto, nada de que es importante hacerlo de otro modo, nada de que es conveniente eludir la Constituci\u00f3n, nada de que ello ayuda a cierta intenci\u00f3n pol\u00edtica y menos que es conveniente para la Rep\u00fablica, nada\u201d, enfatiz\u00f3 el ministro Luis Mar\u00eda Aguilar, durante la sesi\u00f3n.<\/p>\n\n\n\n<p>El pleno sostuvo que dicha ampliaci\u00f3n es contraria a los art\u00edculos 97 y 100 de la Constituci\u00f3n, los cuales establecen la forma de designaci\u00f3n y los plazos de periodo del presidente de la Suprema Corte y consejeros de la Judicatura, as\u00ed como de los principios de supremac\u00eda constitucional, divisi\u00f3n de poderes y de autonom\u00eda e independencia judicial.<\/p>\n\n\n\n<p>En agosto, Arturo Zald\u00edvar, rechaz\u00f3 la ampliaci\u00f3n de su mandato e inform\u00f3 que dejar\u00e1 su cargo el 31 de diciembre del 2022, fecha en la que termina el periodo para el que fue electo.<\/p>\n\n\n\n<p>(Con informaci\u00f3n de \u201cMilenio\u201d)<\/p>\n","protected":false},"excerpt":{"rendered":"<p>Redacci\u00f3n\/Zona Roja Cdmx. Ciudad de M\u00e9xico, 16 de noviembre de 2021.- Por unanimidad de votos,&hellip;<\/p>\n","protected":false},"author":2,"featured_media":34363,"comment_status":"closed","ping_status":"open","sticky":false,"template":"","format":"standard","meta":{"_lmt_disableupdate":"","_lmt_disable":"","_jetpack_memberships_contains_paid_content":false,"footnotes":""},"categories":[109,47],"tags":[2878],"class_list":["post-34362","post","type-post","status-publish","format-standard","has-post-thumbnail","hentry","category-minuto-a-minuto","category-zona-gris","tag-suprema-corte-de-justicia-de-la-nacion-scjn"],"jetpack_featured_media_url":"https:\/\/zonaroja.com.mx\/wp-content\/uploads\/2021\/11\/Suprema-Corte-de-Justicia-de-la-Nacion.jpg","jetpack_sharing_enabled":true,"_links":{"self":[{"href":"https:\/\/zonaroja.com.mx\/index.php?rest_route=\/wp\/v2\/posts\/34362","targetHints":{"allow":["GET"]}}],"collection":[{"href":"https:\/\/zonaroja.com.mx\/index.php?rest_route=\/wp\/v2\/posts"}],"about":[{"href":"https:\/\/zonaroja.com.mx\/index.php?rest_route=\/wp\/v2\/types\/post"}],"author":[{"embeddable":true,"href":"https:\/\/zonaroja.com.mx\/index.php?rest_route=\/wp\/v2\/users\/2"}],"replies":[{"embeddable":true,"href":"https:\/\/zonaroja.com.mx\/index.php?rest_route=%2Fwp%2Fv2%2Fcomments&post=34362"}],"version-history":[{"count":1,"href":"https:\/\/zonaroja.com.mx\/index.php?rest_route=\/wp\/v2\/posts\/34362\/revisions"}],"predecessor-version":[{"id":34364,"href":"https:\/\/zonaroja.com.mx\/index.php?rest_route=\/wp\/v2\/posts\/34362\/revisions\/34364"}],"wp:featuredmedia":[{"embeddable":true,"href":"https:\/\/zonaroja.com.mx\/index.php?rest_route=\/wp\/v2\/media\/34363"}],"wp:attachment":[{"href":"https:\/\/zonaroja.com.mx\/index.php?rest_route=%2Fwp%2Fv2%2Fmedia&parent=34362"}],"wp:term":[{"taxonomy":"category","embeddable":true,"href":"https:\/\/zonaroja.com.mx\/index.php?rest_route=%2Fwp%2Fv2%2Fcategories&post=34362"},{"taxonomy":"post_tag","embeddable":true,"href":"https:\/\/zonaroja.com.mx\/index.php?rest_route=%2Fwp%2Fv2%2Ftags&post=34362"}],"curies":[{"name":"wp","href":"https:\/\/api.w.org\/{rel}","templated":true}]}}